{"id":244646,"date":"2021-08-31T13:39:08","date_gmt":"2021-08-31T13:39:08","guid":{"rendered":"https:\/\/www.deinupdate.de\/?p=244646"},"modified":"2021-08-31T13:39:08","modified_gmt":"2021-08-31T13:39:08","slug":"schock-fussball-star-festgenommen","status":"publish","type":"post","link":"https:\/\/90x.deinupdate.de\/?p=244646","title":{"rendered":"SCHOCK: Fu\u00dfball-Star festgenommen!"},"content":{"rendered":"<p>Erst vor 4 Tagen wurde bekannt, dass Benjamin Mendy von Manchester City ins Gef\u00e4ngnis muss. Jetzt folgt direkt der n\u00e4chste Fu\u00dfballer&#8230;<\/p>\n<h4 style=\"text-align: center;\"><strong>RUBEN SEMEDO<\/strong><\/h4>\n<p>Der 27-J\u00e4hrige Portugiese spielt f\u00fcr die griechische Mannschaft Olympiakos Pir\u00e4us. Am vergangenen Sonntag wurde der Profi-Fu\u00dfballer von der Polizei festgenommen. Der Tat-Vorwurf: Er soll eine Minderj\u00e4hrige vergewaltigt haben!<\/p>\n<p><a href=\"https:\/\/www.deinupdate.de\/wp-content\/uploads\/2021\/08\/Bildschirmfoto-2021-08-31-um-15.26.25.png\"><img loading=\"lazy\" decoding=\"async\" class=\"alignnone size-full wp-image-244648\" src=\"https:\/\/www.deinupdate.de\/wp-content\/uploads\/2021\/08\/Bildschirmfoto-2021-08-31-um-15.26.25.png\" alt=\"\" width=\"978\" height=\"850\" srcset=\"https:\/\/90x.deinupdate.de\/wp-content\/uploads\/2021\/08\/Bildschirmfoto-2021-08-31-um-15.26.25.png 978w, https:\/\/90x.deinupdate.de\/wp-content\/uploads\/2021\/08\/Bildschirmfoto-2021-08-31-um-15.26.25-300x261.png 300w, https:\/\/90x.deinupdate.de\/wp-content\/uploads\/2021\/08\/Bildschirmfoto-2021-08-31-um-15.26.25-768x667.png 768w\" sizes=\"auto, (max-width: 978px) 100vw, 978px\" \/><\/a><\/p>\n<h4 style=\"text-align: center;\"><strong>TATHERGANG<\/strong><\/h4>\n<p>Laut den griechischen Medien sagt die 17-J\u00e4hrige Portugiesin, dass sie sich am vergangenen Samstag mit dem Semedo in einer Bar auf einen Drink getroffen hat.<\/p>\n<p>Anschlie\u00dfend seien sie zu seinem Haus im Ort Glyfada (Griechenland) gefahren, wo er sie sexuell missbraucht haben soll. Am Dienstag wird der Fu\u00dfballer einem Staatsanwalt vorgef\u00fchrt.<\/p>\n<p><a href=\"https:\/\/www.deinupdate.de\/wp-content\/uploads\/2021\/08\/Bildschirmfoto-2021-08-31-um-15.31.01.png\"><img loading=\"lazy\" decoding=\"async\" class=\"alignnone size-full wp-image-244649\" src=\"https:\/\/www.deinupdate.de\/wp-content\/uploads\/2021\/08\/Bildschirmfoto-2021-08-31-um-15.31.01.png\" alt=\"\" width=\"836\" height=\"770\" srcset=\"https:\/\/90x.deinupdate.de\/wp-content\/uploads\/2021\/08\/Bildschirmfoto-2021-08-31-um-15.31.01.png 836w, https:\/\/90x.deinupdate.de\/wp-content\/uploads\/2021\/08\/Bildschirmfoto-2021-08-31-um-15.31.01-300x276.png 300w, https:\/\/90x.deinupdate.de\/wp-content\/uploads\/2021\/08\/Bildschirmfoto-2021-08-31-um-15.31.01-768x707.png 768w\" sizes=\"auto, (max-width: 836px) 100vw, 836px\" \/><\/a><\/p>\n<h4 style=\"text-align: center;\"><strong>STATEMENT<\/strong><\/h4>\n<p>Doch Semedos Team hat sich bereits dazu ge\u00e4u\u00dfert. Der Anwalt des Innenverteidigers sagt:<\/p>\n<p><em>&#8222;Wir haben stichhaltige Beweise, die zeigen, dass der Vorfall nicht stattgefunden hat, und die werden wir vorlegen&#8220;<\/em><\/p>\n<p>Wir halten Euch auf dem Laufenden&#8230;<\/p>\n<h4 style=\"text-align: center;\"><strong>HIER DIE QUELLE<\/strong><\/h4>\n<blockquote class=\"twitter-tweet\">\n<p dir=\"ltr\" lang=\"de\">Vergewaltigungsvorwurf &#8211; N\u00e4chster Fu\u00dfball-Star festgenommen <a href=\"https:\/\/t.co\/HAssEQudS8\">https:\/\/t.co\/HAssEQudS8<\/a> <a href=\"https:\/\/twitter.com\/hashtag\/BILDSport?src=hash&amp;ref_src=twsrc%5Etfw\">#BILDSport<\/a><\/p>\n<p>\u2014 BILD Sport (@BILD_Sport) <a href=\"https:\/\/twitter.com\/BILD_Sport\/status\/1432435581909356547?ref_src=twsrc%5Etfw\">August 30, 2021<\/a><\/p><\/blockquote>\n<p><script async src=\"https:\/\/platform.twitter.com\/widgets.js\" charset=\"utf-8\"><\/script><\/p>\n","protected":false},"excerpt":{"rendered":"<p>Erst vor 4 Tagen wurde bekannt, dass Benjamin Mendy von Manchester City ins Gef\u00e4ngnis muss. Jetzt folgt direkt der n\u00e4chste Fu\u00dfballer&#8230; RUBEN SEMEDO Der 27-J\u00e4hrige Portugiese spielt f\u00fcr die griechische Mannschaft Olympiakos Pir\u00e4us. Am vergangenen Sonntag wurde der Profi-Fu\u00dfballer von der Polizei festgenommen. Der Tat-Vorwurf: Er soll eine Minderj\u00e4hrige vergewaltigt haben! TATHERGANG Laut den griechischen [&hellip;]<\/p>\n","protected":false},"author":2,"featured_media":244647,"comment_status":"open","ping_status":"open","sticky":false,"template":"","format":"standard","meta":{"footnotes":""},"categories":[1],"tags":[],"class_list":["post-244646","post","type-post","status-publish","format-standard","has-post-thumbnail","hentry","category-allgemein"],"publishpress_future_action":{"enabled":false,"date":"1970-01-01 00:00:00","action":"","terms":[],"taxonomy":"","browser_timezone_offset":0},"featured_media_src_url":"https:\/\/90x.deinupdate.de\/wp-content\/uploads\/2021\/08\/Bildschirmfoto-2021-08-31-um-15.23.03.png","acf":{"enable_amazon_playlist_tag_matching":true},"_links":{"self":[{"href":"https:\/\/90x.deinupdate.de\/index.php?rest_route=\/wp\/v2\/posts\/244646","targetHints":{"allow":["GET"]}}],"collection":[{"href":"https:\/\/90x.deinupdate.de\/index.php?rest_route=\/wp\/v2\/posts"}],"about":[{"href":"https:\/\/90x.deinupdate.de\/index.php?rest_route=\/wp\/v2\/types\/post"}],"author":[{"embeddable":true,"href":"https:\/\/90x.deinupdate.de\/index.php?rest_route=\/wp\/v2\/users\/2"}],"replies":[{"embeddable":true,"href":"https:\/\/90x.deinupdate.de\/index.php?rest_route=%2Fwp%2Fv2%2Fcomments&post=244646"}],"version-history":[{"count":1,"href":"https:\/\/90x.deinupdate.de\/index.php?rest_route=\/wp\/v2\/posts\/244646\/revisions"}],"predecessor-version":[{"id":244650,"href":"https:\/\/90x.deinupdate.de\/index.php?rest_route=\/wp\/v2\/posts\/244646\/revisions\/244650"}],"wp:featuredmedia":[{"embeddable":true,"href":"https:\/\/90x.deinupdate.de\/index.php?rest_route=\/wp\/v2\/media\/244647"}],"wp:attachment":[{"href":"https:\/\/90x.deinupdate.de\/index.php?rest_route=%2Fwp%2Fv2%2Fmedia&parent=244646"}],"wp:term":[{"taxonomy":"category","embeddable":true,"href":"https:\/\/90x.deinupdate.de\/index.php?rest_route=%2Fwp%2Fv2%2Fcategories&post=244646"},{"taxonomy":"post_tag","embeddable":true,"href":"https:\/\/90x.deinupdate.de\/index.php?rest_route=%2Fwp%2Fv2%2Ftags&post=244646"}],"curies":[{"name":"wp","href":"https:\/\/api.w.org\/{rel}","templated":true}]}}