{"id":240591,"date":"2021-08-14T12:41:56","date_gmt":"2021-08-14T12:41:56","guid":{"rendered":"https:\/\/www.deinupdate.de\/?p=240591"},"modified":"2021-08-14T13:45:08","modified_gmt":"2021-08-14T13:45:08","slug":"lehrer-fordern-laengere-maskenpflicht","status":"publish","type":"post","link":"https:\/\/90x.deinupdate.de\/?p=240591","title":{"rendered":"Lehrer fordern l\u00e4ngere Maskenpflicht!"},"content":{"rendered":"<p>&nbsp;<\/p>\n<p>Endlich geht der Unterricht wieder richtig los, doch konzentrieren ist gar nicht so einfach, wenn man durch eine Maske atmen muss! Trotzdem fordern Lehrer in ganz Deutschland, dass die Maskenpflicht verl\u00e4ngert wird vor allem wegen der steigenden Zahlen&#8230;<\/p>\n<p>&nbsp;<\/p>\n<h4 style=\"text-align: center\"><strong>MASKEN &amp; TESTS<\/strong><\/h4>\n<p>Gerade in den ersten Monaten, wenn viele aus dem Urlaub zur\u00fcckkommen und sich der Schulalltag erstmal wieder einspielen muss, sind Masken wichtig. Das sieht auch der deutsche Lehrerverband so und stellte diese Forderung an alle Bundesl\u00e4nder. Um sicherzustellen, dass der Pr\u00e4senzunterricht sicher ist, soll deshalb auch weiterhin und -auch auf einen l\u00e4ngeren Zeitraum gesehen, die Maskenpflicht bestehen bleiben \u2013 auch regelm\u00e4\u00dfige Tests der Sch\u00fcler sollen weitherhin durchgef\u00fchrt werden.<\/p>\n<p><a href=\"https:\/\/www.deinupdate.de\/wp-content\/uploads\/2021\/08\/imago0119922051h.jpg\"><img loading=\"lazy\" decoding=\"async\" class=\"size-large wp-image-240599\" src=\"https:\/\/www.deinupdate.de\/wp-content\/uploads\/2021\/08\/imago0119922051h-1024x683.jpg\" alt=\"\" width=\"750\" height=\"500\" srcset=\"https:\/\/90x.deinupdate.de\/wp-content\/uploads\/2021\/08\/imago0119922051h-1024x683.jpg 1024w, https:\/\/90x.deinupdate.de\/wp-content\/uploads\/2021\/08\/imago0119922051h-300x200.jpg 300w, https:\/\/90x.deinupdate.de\/wp-content\/uploads\/2021\/08\/imago0119922051h-768x512.jpg 768w\" sizes=\"auto, (max-width: 750px) 100vw, 750px\" \/><\/a><\/p>\n<p>In wie fern sich die Bundesl\u00e4nder auf diese Forderung einlassen, wird in den n\u00e4chsten Wochen gekl\u00e4rt. Bisher hat die Schule in\u00a0Berlin, Brandenburg, Mecklenburg-Vorpommern, Schleswig-Holstein und Hamburg wieder begonnen&#8230;<\/p>\n<p>&nbsp;<\/p>\n<h4 style=\"text-align: center\"><strong>HIER SEHT IHR ES<\/strong><\/h4>\n<blockquote class=\"twitter-tweet\">\n<p dir=\"ltr\" lang=\"de\">Steigende Corona-Zahlen: Lehrer wollen l\u00e4ngerfristige Maskenpflicht <a href=\"https:\/\/t.co\/qQngBy4Aea\">https:\/\/t.co\/qQngBy4Aea<\/a> <a href=\"https:\/\/twitter.com\/hashtag\/Maskenpflicht?src=hash&amp;ref_src=twsrc%5Etfw\">#Maskenpflicht<\/a> <a href=\"https:\/\/twitter.com\/hashtag\/Lehrer?src=hash&amp;ref_src=twsrc%5Etfw\">#Lehrer<\/a> <a href=\"https:\/\/twitter.com\/hashtag\/Schulen?src=hash&amp;ref_src=twsrc%5Etfw\">#Schulen<\/a><\/p>\n<p>\u2014 tagesschau (@tagesschau) <a href=\"https:\/\/twitter.com\/tagesschau\/status\/1426472633126768645?ref_src=twsrc%5Etfw\">August 14, 2021<\/a><\/p><\/blockquote>\n","protected":false},"excerpt":{"rendered":"<p>&nbsp; Endlich geht der Unterricht wieder richtig los, doch konzentrieren ist gar nicht so einfach, wenn man durch eine Maske atmen muss! Trotzdem fordern Lehrer in ganz Deutschland, dass die Maskenpflicht verl\u00e4ngert wird vor allem wegen der steigenden Zahlen&#8230; &nbsp; MASKEN &amp; TESTS Gerade in den ersten Monaten, wenn viele aus dem Urlaub zur\u00fcckkommen und [&hellip;]<\/p>\n","protected":false},"author":4,"featured_media":240598,"comment_status":"open","ping_status":"open","sticky":false,"template":"","format":"standard","meta":{"footnotes":""},"categories":[1],"tags":[],"class_list":["post-240591","post","type-post","status-publish","format-standard","has-post-thumbnail","hentry","category-allgemein"],"publishpress_future_action":{"enabled":false,"date":"1970-01-01 00:00:00","action":"","terms":[],"taxonomy":"","browser_timezone_offset":0},"featured_media_src_url":"https:\/\/90x.deinupdate.de\/wp-content\/uploads\/2021\/08\/imago0119922066h-1024x557.jpg","acf":{"enable_amazon_playlist_tag_matching":true},"_links":{"self":[{"href":"https:\/\/90x.deinupdate.de\/index.php?rest_route=\/wp\/v2\/posts\/240591","targetHints":{"allow":["GET"]}}],"collection":[{"href":"https:\/\/90x.deinupdate.de\/index.php?rest_route=\/wp\/v2\/posts"}],"about":[{"href":"https:\/\/90x.deinupdate.de\/index.php?rest_route=\/wp\/v2\/types\/post"}],"author":[{"embeddable":true,"href":"https:\/\/90x.deinupdate.de\/index.php?rest_route=\/wp\/v2\/users\/4"}],"replies":[{"embeddable":true,"href":"https:\/\/90x.deinupdate.de\/index.php?rest_route=%2Fwp%2Fv2%2Fcomments&post=240591"}],"version-history":[{"count":4,"href":"https:\/\/90x.deinupdate.de\/index.php?rest_route=\/wp\/v2\/posts\/240591\/revisions"}],"predecessor-version":[{"id":240617,"href":"https:\/\/90x.deinupdate.de\/index.php?rest_route=\/wp\/v2\/posts\/240591\/revisions\/240617"}],"wp:featuredmedia":[{"embeddable":true,"href":"https:\/\/90x.deinupdate.de\/index.php?rest_route=\/wp\/v2\/media\/240598"}],"wp:attachment":[{"href":"https:\/\/90x.deinupdate.de\/index.php?rest_route=%2Fwp%2Fv2%2Fmedia&parent=240591"}],"wp:term":[{"taxonomy":"category","embeddable":true,"href":"https:\/\/90x.deinupdate.de\/index.php?rest_route=%2Fwp%2Fv2%2Fcategories&post=240591"},{"taxonomy":"post_tag","embeddable":true,"href":"https:\/\/90x.deinupdate.de\/index.php?rest_route=%2Fwp%2Fv2%2Ftags&post=240591"}],"curies":[{"name":"wp","href":"https:\/\/api.w.org\/{rel}","templated":true}]}}