{"id":238415,"date":"2021-08-05T15:58:50","date_gmt":"2021-08-05T15:58:50","guid":{"rendered":"https:\/\/www.deinupdate.de\/?p=238415"},"modified":"2021-08-05T16:16:38","modified_gmt":"2021-08-05T16:16:38","slug":"ballack-sohn-%e2%80%a018-tot-so-kam-es-zum-tragischen-unfall","status":"publish","type":"post","link":"https:\/\/90x.deinupdate.de\/?p=238415","title":{"rendered":"Ballack Sohn (\u202018) tot: So kam es zum tragischen Unfall!"},"content":{"rendered":"<p>Die Meldung schockt heute die ganze Welt: Der Sohn von Ex-DFB-Kapit\u00e4n Michael Ballack ist letzte Nacht bei einem Quad-Unfall ums Leben gekommen. Emilio wurde nur 18 Jahre alt. So kam es zur t\u00f6dlicher Trag\u00f6die&#8230;<\/p>\n<h4 style=\"text-align: center;\"><strong>POLIZEI BERICHTET<\/strong><\/h4>\n<p style=\"text-align: left;\"><em>&#8222;Der Unfall ereignete sich auf dem Anwesen der Familie. Der Quad-Fahrer war nicht auf einer \u00f6ffentlichen Stra\u00dfe und es war das einzige beteiligte Fahrzeug.&#8220;<\/em><\/p>\n<p><img loading=\"lazy\" decoding=\"async\" class=\"alignnone size-full wp-image-238417\" src=\"https:\/\/www.deinupdate.de\/wp-content\/uploads\/2021\/08\/Bildschirmfoto-2021-08-05-um-17.08.57.png\" alt=\"\" width=\"1362\" height=\"1052\" srcset=\"https:\/\/90x.deinupdate.de\/wp-content\/uploads\/2021\/08\/Bildschirmfoto-2021-08-05-um-17.08.57.png 1362w, https:\/\/90x.deinupdate.de\/wp-content\/uploads\/2021\/08\/Bildschirmfoto-2021-08-05-um-17.08.57-300x232.png 300w, https:\/\/90x.deinupdate.de\/wp-content\/uploads\/2021\/08\/Bildschirmfoto-2021-08-05-um-17.08.57-768x593.png 768w, https:\/\/90x.deinupdate.de\/wp-content\/uploads\/2021\/08\/Bildschirmfoto-2021-08-05-um-17.08.57-1024x791.png 1024w\" sizes=\"auto, (max-width: 1362px) 100vw, 1362px\" \/><\/p>\n<p>Die Familie Ballack besitzt ein Anwesen in Troia, s\u00fcdlich von Lissabon. Dort sei\u00a0Emilio nachts gegen 2 Uhr auf einem unebenen St\u00fcck Land gefahren. Pl\u00f6tzlich rollte der Quad r\u00fcckw\u00e4rts und fiel auf ihn!<\/p>\n<p><img loading=\"lazy\" decoding=\"async\" class=\"alignnone size-full wp-image-238424\" src=\"https:\/\/www.deinupdate.de\/wp-content\/uploads\/2021\/08\/Bildschirmfoto-2021-08-05-um-17.21.28.png\" alt=\"\" width=\"1033\" height=\"700\" srcset=\"https:\/\/90x.deinupdate.de\/wp-content\/uploads\/2021\/08\/Bildschirmfoto-2021-08-05-um-17.21.28.png 1033w, https:\/\/90x.deinupdate.de\/wp-content\/uploads\/2021\/08\/Bildschirmfoto-2021-08-05-um-17.21.28-300x203.png 300w, https:\/\/90x.deinupdate.de\/wp-content\/uploads\/2021\/08\/Bildschirmfoto-2021-08-05-um-17.21.28-768x520.png 768w, https:\/\/90x.deinupdate.de\/wp-content\/uploads\/2021\/08\/Bildschirmfoto-2021-08-05-um-17.21.28-1024x694.png 1024w\" sizes=\"auto, (max-width: 1033px) 100vw, 1033px\" \/><\/p>\n<h4 style=\"text-align: center;\"><strong>NOTRUF<\/strong><\/h4>\n<p>Laut portugiesischen Medien rief Emilios\u00a0Gro\u00dfmutter den Rettungsdienst. Die Feuerwehr musste den Jungen erst aus dem Wrack befreien, die darauf folgenden Wiederbelebungs-Versuche scheiterten. Der Tod des 18-J\u00e4hrigen wurde noch am Unfallort festgestellt.<\/p>\n<p>Einfach nur schrecklich, ruhe in Frieden.<\/p>\n<h4 style=\"text-align: center;\"><strong>HIER DIE QUELLE<\/strong><\/h4>\n<blockquote class=\"twitter-tweet\">\n<p dir=\"ltr\" lang=\"en\">Tragedy as Michael Ballack\u2019s son Emilio, 18, is killed after his quad bike tipped backwards and crushed him <a href=\"https:\/\/t.co\/iN5wSFuXoD\">https:\/\/t.co\/iN5wSFuXoD<\/a> <a href=\"https:\/\/t.co\/UqTzWBMlT0\">pic.twitter.com\/UqTzWBMlT0<\/a><\/p>\n<p>\u2014 Daily Mail Online (@MailOnline) <a href=\"https:\/\/twitter.com\/MailOnline\/status\/1423282662039429128?ref_src=twsrc%5Etfw\">August 5, 2021<\/a><\/p><\/blockquote>\n<p><script async src=\"https:\/\/platform.twitter.com\/widgets.js\" charset=\"utf-8\"><\/script><\/p>\n","protected":false},"excerpt":{"rendered":"<p>Die Meldung schockt heute die ganze Welt: Der Sohn von Ex-DFB-Kapit\u00e4n Michael Ballack ist letzte Nacht bei einem Quad-Unfall ums Leben gekommen. Emilio wurde nur 18 Jahre alt. So kam es zur t\u00f6dlicher Trag\u00f6die&#8230; POLIZEI BERICHTET &#8222;Der Unfall ereignete sich auf dem Anwesen der Familie. Der Quad-Fahrer war nicht auf einer \u00f6ffentlichen Stra\u00dfe und es [&hellip;]<\/p>\n","protected":false},"author":4,"featured_media":238423,"comment_status":"open","ping_status":"open","sticky":false,"template":"","format":"standard","meta":{"footnotes":""},"categories":[1],"tags":[],"class_list":["post-238415","post","type-post","status-publish","format-standard","has-post-thumbnail","hentry","category-allgemein"],"publishpress_future_action":{"enabled":false,"date":"1970-01-01 00:00:00","action":"","terms":[],"taxonomy":"","browser_timezone_offset":0},"featured_media_src_url":"https:\/\/90x.deinupdate.de\/wp-content\/uploads\/2021\/08\/Bildschirmfoto-2021-08-05-um-17.18.10-1024x839.png","acf":{"enable_amazon_playlist_tag_matching":true},"_links":{"self":[{"href":"https:\/\/90x.deinupdate.de\/index.php?rest_route=\/wp\/v2\/posts\/238415","targetHints":{"allow":["GET"]}}],"collection":[{"href":"https:\/\/90x.deinupdate.de\/index.php?rest_route=\/wp\/v2\/posts"}],"about":[{"href":"https:\/\/90x.deinupdate.de\/index.php?rest_route=\/wp\/v2\/types\/post"}],"author":[{"embeddable":true,"href":"https:\/\/90x.deinupdate.de\/index.php?rest_route=\/wp\/v2\/users\/4"}],"replies":[{"embeddable":true,"href":"https:\/\/90x.deinupdate.de\/index.php?rest_route=%2Fwp%2Fv2%2Fcomments&post=238415"}],"version-history":[{"count":9,"href":"https:\/\/90x.deinupdate.de\/index.php?rest_route=\/wp\/v2\/posts\/238415\/revisions"}],"predecessor-version":[{"id":238466,"href":"https:\/\/90x.deinupdate.de\/index.php?rest_route=\/wp\/v2\/posts\/238415\/revisions\/238466"}],"wp:featuredmedia":[{"embeddable":true,"href":"https:\/\/90x.deinupdate.de\/index.php?rest_route=\/wp\/v2\/media\/238423"}],"wp:attachment":[{"href":"https:\/\/90x.deinupdate.de\/index.php?rest_route=%2Fwp%2Fv2%2Fmedia&parent=238415"}],"wp:term":[{"taxonomy":"category","embeddable":true,"href":"https:\/\/90x.deinupdate.de\/index.php?rest_route=%2Fwp%2Fv2%2Fcategories&post=238415"},{"taxonomy":"post_tag","embeddable":true,"href":"https:\/\/90x.deinupdate.de\/index.php?rest_route=%2Fwp%2Fv2%2Ftags&post=238415"}],"curies":[{"name":"wp","href":"https:\/\/api.w.org\/{rel}","templated":true}]}}