{"id":238292,"date":"2021-08-05T11:34:53","date_gmt":"2021-08-05T11:34:53","guid":{"rendered":"https:\/\/www.deinupdate.de\/?p=238292"},"modified":"2021-08-05T11:59:00","modified_gmt":"2021-08-05T11:59:00","slug":"hier-koennte-es-bald-keine-inzidenz-mehr-geben","status":"publish","type":"post","link":"https:\/\/90x.deinupdate.de\/?p=238292","title":{"rendered":"Hier k\u00f6nnte es bald keine Inzidenz mehr geben!"},"content":{"rendered":"<p>Krass, seit Beginn der Pandemie wird so gut wie ALLES vom Inzidenzwert abh\u00e4ngig gemacht. Doch seit die Impfzahlen stiegen, verliert der Wert immer mehr an Wichtigkeit! Ein Land will k\u00fcnftig sogar ganz auf ihn verzichten \u2013 aber wie soll das denn funktionieren?<\/p>\n<h4 style=\"text-align: center;\"><strong>BADEN-W\u00dcRTTEMBERG<\/strong><\/h4>\n<p>Schon ab Mitte September soll der Inzidenzwert in Baden-W\u00fcrttemberg so gut wie irrelevant sein, wichtige Entscheidungen sollen ab da nicht mehr aufgrund der Inzidenzzahl getroffen werden.<\/p>\n<p>Denn durch die mittlerweile vielen zweifach geimpften B\u00fcrger, k\u00f6nne man sich nicht mehr haupts\u00e4chlich an dem Wert orientieren.<\/p>\n<figure id=\"attachment_238314\" aria-describedby=\"caption-attachment-238314\" style=\"width: 1794px\" class=\"wp-caption alignnone\"><a href=\"https:\/\/www.deinupdate.de\/wp-content\/uploads\/2021\/08\/imago0109188448h.jpg\"><img loading=\"lazy\" decoding=\"async\" class=\"size-full wp-image-238314\" src=\"https:\/\/www.deinupdate.de\/wp-content\/uploads\/2021\/08\/imago0109188448h.jpg\" alt=\"\" width=\"1794\" height=\"1139\" srcset=\"https:\/\/90x.deinupdate.de\/wp-content\/uploads\/2021\/08\/imago0109188448h.jpg 1794w, https:\/\/90x.deinupdate.de\/wp-content\/uploads\/2021\/08\/imago0109188448h-300x190.jpg 300w, https:\/\/90x.deinupdate.de\/wp-content\/uploads\/2021\/08\/imago0109188448h-768x488.jpg 768w, https:\/\/90x.deinupdate.de\/wp-content\/uploads\/2021\/08\/imago0109188448h-1024x650.jpg 1024w\" sizes=\"auto, (max-width: 1794px) 100vw, 1794px\" \/><\/a><figcaption id=\"caption-attachment-238314\" class=\"wp-caption-text\">Tuebingen 28.12.2020 Pressekonferenz im Kreisimpfzentrum KIZ und Zentralen Impfzentrum ZIZ in der Paul Horn Arena in Tuebingen: Landrat Joachim Walter re und der Leiter Zentralverwaltung Landratsamt Tuebingen, Werner Walz li *** Tuebingen 28 12 2020 Press conference in the district vaccination center KIZ and central vaccination center ZIZ in the Paul Horn Arena in Tuebingen District Administrator Joachim Walter r and the head of central administration District Office Tuebingen, Werner Walz li ulmer<\/figcaption><\/figure>\n<h4 style=\"text-align: center;\"><strong>KRANKENHAUSWERT<\/strong><\/h4>\n<p>Wie Landkreistags-Pr\u00e4sident Joachim Walter bekannt gab, sollen neue Regeln aufgrund der Auslastung der Krankenh\u00e4user und Intensivstationen bestimmt werden.<\/p>\n<p>Schlie\u00dflich gehe es \u00fcberwiegend darum, das Gesundheitssystem zu sch\u00fctzen. Durch die landesweite Vernetzungen der Kliniken in BaW\u00fc k\u00f6nnte sogar ein eigener Wert berechnet werden.<\/p>\n<p><a href=\"https:\/\/www.deinupdate.de\/wp-content\/uploads\/2021\/08\/imago0117262258h.jpg\"><img loading=\"lazy\" decoding=\"async\" class=\"size-large wp-image-238313\" src=\"https:\/\/www.deinupdate.de\/wp-content\/uploads\/2021\/08\/imago0117262258h-1024x683.jpg\" alt=\"\" width=\"750\" height=\"500\" srcset=\"https:\/\/90x.deinupdate.de\/wp-content\/uploads\/2021\/08\/imago0117262258h-1024x683.jpg 1024w, https:\/\/90x.deinupdate.de\/wp-content\/uploads\/2021\/08\/imago0117262258h-300x200.jpg 300w, https:\/\/90x.deinupdate.de\/wp-content\/uploads\/2021\/08\/imago0117262258h-768x512.jpg 768w\" sizes=\"auto, (max-width: 750px) 100vw, 750px\" \/><\/a><\/p>\n<h4 style=\"text-align: center;\"><strong>HIER SEHT IHR ES<\/strong><\/h4>\n<blockquote class=\"twitter-tweet\">\n<p dir=\"ltr\" lang=\"de\"><a href=\"https:\/\/twitter.com\/hashtag\/BadenW%C3%BCrttemberg?src=hash&amp;ref_src=twsrc%5Etfw\">#BadenW\u00fcrttemberg<\/a> will offenbar die Abkehr vom Richtwert <a href=\"https:\/\/twitter.com\/hashtag\/Inzidenz?src=hash&amp;ref_src=twsrc%5Etfw\">#Inzidenz<\/a>. Stattdessen soll die Unterscheidung zwischen Geimpften und Ungeimpften im Vordergrund stehen. Was ist deine Meinung dazu? ?<a href=\"https:\/\/t.co\/BWfejUVRxM\">https:\/\/t.co\/BWfejUVRxM<\/a> <a href=\"https:\/\/t.co\/4xiRTuwyLI\">pic.twitter.com\/4xiRTuwyLI<\/a><\/p>\n<p>\u2014 BILD (@BILD) <a href=\"https:\/\/twitter.com\/BILD\/status\/1422991283694542848?ref_src=twsrc%5Etfw\">August 4, 2021<\/a><\/p><\/blockquote>\n<p><script async src=\"https:\/\/platform.twitter.com\/widgets.js\" charset=\"utf-8\"><\/script><\/p>\n","protected":false},"excerpt":{"rendered":"<p>Krass, seit Beginn der Pandemie wird so gut wie ALLES vom Inzidenzwert abh\u00e4ngig gemacht. Doch seit die Impfzahlen stiegen, verliert der Wert immer mehr an Wichtigkeit! Ein Land will k\u00fcnftig sogar ganz auf ihn verzichten \u2013 aber wie soll das denn funktionieren? BADEN-W\u00dcRTTEMBERG Schon ab Mitte September soll der Inzidenzwert in Baden-W\u00fcrttemberg so gut wie [&hellip;]<\/p>\n","protected":false},"author":4,"featured_media":238333,"comment_status":"open","ping_status":"open","sticky":false,"template":"","format":"standard","meta":{"footnotes":""},"categories":[1],"tags":[],"class_list":["post-238292","post","type-post","status-publish","format-standard","has-post-thumbnail","hentry","category-allgemein"],"publishpress_future_action":{"enabled":false,"date":"1970-01-01 00:00:00","action":"","terms":[],"taxonomy":"","browser_timezone_offset":0},"featured_media_src_url":"https:\/\/90x.deinupdate.de\/wp-content\/uploads\/2021\/08\/Bildschirmfoto-2021-08-05-um-13.32.33-1024x592.png","acf":{"enable_amazon_playlist_tag_matching":true},"_links":{"self":[{"href":"https:\/\/90x.deinupdate.de\/index.php?rest_route=\/wp\/v2\/posts\/238292","targetHints":{"allow":["GET"]}}],"collection":[{"href":"https:\/\/90x.deinupdate.de\/index.php?rest_route=\/wp\/v2\/posts"}],"about":[{"href":"https:\/\/90x.deinupdate.de\/index.php?rest_route=\/wp\/v2\/types\/post"}],"author":[{"embeddable":true,"href":"https:\/\/90x.deinupdate.de\/index.php?rest_route=\/wp\/v2\/users\/4"}],"replies":[{"embeddable":true,"href":"https:\/\/90x.deinupdate.de\/index.php?rest_route=%2Fwp%2Fv2%2Fcomments&post=238292"}],"version-history":[{"count":4,"href":"https:\/\/90x.deinupdate.de\/index.php?rest_route=\/wp\/v2\/posts\/238292\/revisions"}],"predecessor-version":[{"id":238348,"href":"https:\/\/90x.deinupdate.de\/index.php?rest_route=\/wp\/v2\/posts\/238292\/revisions\/238348"}],"wp:featuredmedia":[{"embeddable":true,"href":"https:\/\/90x.deinupdate.de\/index.php?rest_route=\/wp\/v2\/media\/238333"}],"wp:attachment":[{"href":"https:\/\/90x.deinupdate.de\/index.php?rest_route=%2Fwp%2Fv2%2Fmedia&parent=238292"}],"wp:term":[{"taxonomy":"category","embeddable":true,"href":"https:\/\/90x.deinupdate.de\/index.php?rest_route=%2Fwp%2Fv2%2Fcategories&post=238292"},{"taxonomy":"post_tag","embeddable":true,"href":"https:\/\/90x.deinupdate.de\/index.php?rest_route=%2Fwp%2Fv2%2Ftags&post=238292"}],"curies":[{"name":"wp","href":"https:\/\/api.w.org\/{rel}","templated":true}]}}