{"id":238155,"date":"2021-08-04T20:43:47","date_gmt":"2021-08-04T20:43:47","guid":{"rendered":"https:\/\/www.deinupdate.de\/?p=238155"},"modified":"2021-08-04T20:44:45","modified_gmt":"2021-08-04T20:44:45","slug":"schwarzer-pilz-corona-patient-fallen-alle-zaehne-aus","status":"publish","type":"post","link":"https:\/\/90x.deinupdate.de\/?p=238155","title":{"rendered":"Schock: Corona-Patient fallen alle Z\u00e4hne aus!"},"content":{"rendered":"<p>Der &#8222;Schwarze Pilz&#8220; ist eine t\u00f6dliche Krankheit, die eigentlich sehr selten ist. Doch immer \u00f6fter tritt sie als Begleit-Erscheinung bei Corona-Erkrankungen auf! Die Symptome sind furchteinfl\u00f6\u00dfend&#8230;<\/p>\n<h4 style=\"text-align: center;\"><strong>BOLIVIEN<\/strong><\/h4>\n<p>Vor wenigen Wochen erkrankt ein Bolivianer an Corona, seine Symptome sind so schlimm, dass der 42-J\u00e4hrige ins Krankenhaus eingeliefert werden muss.<\/p>\n<p><a href=\"https:\/\/www.deinupdate.de\/wp-content\/uploads\/2021\/08\/imago0117262254h.jpg\"><img loading=\"lazy\" decoding=\"async\" class=\"size-large wp-image-238163\" src=\"https:\/\/www.deinupdate.de\/wp-content\/uploads\/2021\/08\/imago0117262254h-1024x683.jpg\" alt=\"\" width=\"750\" height=\"500\" srcset=\"https:\/\/90x.deinupdate.de\/wp-content\/uploads\/2021\/08\/imago0117262254h-1024x683.jpg 1024w, https:\/\/90x.deinupdate.de\/wp-content\/uploads\/2021\/08\/imago0117262254h-300x200.jpg 300w, https:\/\/90x.deinupdate.de\/wp-content\/uploads\/2021\/08\/imago0117262254h-768x512.jpg 768w\" sizes=\"auto, (max-width: 750px) 100vw, 750px\" \/><\/a><\/p>\n<h4 style=\"text-align: center;\"><strong>KLINIK<\/strong><\/h4>\n<p>Wegen des schweren Krankheitsverlaufs wird er auf die Intensivstation verlegt. Erst scheint sich sein Zustand zu verbessern, doch dann tauchen merkw\u00fcrdige Symptome auf. Seine Z\u00e4hne beginnen immer wackliger zu werden. Schrecklich: Dann f\u00e4llt einer nach dem anderen aus!<\/p>\n<p>Doch daran soll nicht der Virus an sich, sondern eine immer h\u00e4ufiger auftretende Begleit-Erscheinung sein, der &#8222;Schwarze Pilz&#8220;!<\/p>\n<h4 style=\"text-align: center;\"><strong>T\u00d6DLICHER SCHIMMELPILZ<\/strong><\/h4>\n<p>Bei der Krankheit handelt es sich um einen Mucor-Schimmelpilz, der die Atemwege bef\u00e4llt und sich dann in den Nasen-Nebenh\u00f6hlen festsetzt. Die Infizierten leiden an starken Beschwerden, Menschen mit schwachem Immunsystem \u00fcberleben die Infektion meist nicht. Klingt nicht gut&#8230;<\/p>\n<h4 style=\"text-align: center;\"><strong>HIER SEHT IHR ES<\/strong><\/h4>\n<blockquote class=\"twitter-tweet\">\n<p dir=\"ltr\" lang=\"de\">T\u00f6dliche Krankheit: Auch Bolivien meldet Fall von &#8222;Schwarzem Pilz&#8220; bei Corona-Patienten <a href=\"https:\/\/t.co\/YqoVraSHFK\">https:\/\/t.co\/YqoVraSHFK<\/a><\/p>\n<p>\u2014 stern (@sternde) <a href=\"https:\/\/twitter.com\/sternde\/status\/1422804053457788929?ref_src=twsrc%5Etfw\">August 4, 2021<\/a><\/p><\/blockquote>\n<p><script async src=\"https:\/\/platform.twitter.com\/widgets.js\" charset=\"utf-8\"><\/script><\/p>\n","protected":false},"excerpt":{"rendered":"<p>Der &#8222;Schwarze Pilz&#8220; ist eine t\u00f6dliche Krankheit, die eigentlich sehr selten ist. Doch immer \u00f6fter tritt sie als Begleit-Erscheinung bei Corona-Erkrankungen auf! Die Symptome sind furchteinfl\u00f6\u00dfend&#8230; BOLIVIEN Vor wenigen Wochen erkrankt ein Bolivianer an Corona, seine Symptome sind so schlimm, dass der 42-J\u00e4hrige ins Krankenhaus eingeliefert werden muss. KLINIK Wegen des schweren Krankheitsverlaufs wird er [&hellip;]<\/p>\n","protected":false},"author":4,"featured_media":238160,"comment_status":"open","ping_status":"open","sticky":false,"template":"","format":"standard","meta":{"footnotes":""},"categories":[1],"tags":[],"class_list":["post-238155","post","type-post","status-publish","format-standard","has-post-thumbnail","hentry","category-allgemein"],"publishpress_future_action":{"enabled":false,"date":"1970-01-01 00:00:00","action":"","terms":[],"taxonomy":"","browser_timezone_offset":0},"featured_media_src_url":"https:\/\/90x.deinupdate.de\/wp-content\/uploads\/2021\/08\/ghjklo\u0308-1024x576.jpeg","acf":{"enable_amazon_playlist_tag_matching":true},"_links":{"self":[{"href":"https:\/\/90x.deinupdate.de\/index.php?rest_route=\/wp\/v2\/posts\/238155","targetHints":{"allow":["GET"]}}],"collection":[{"href":"https:\/\/90x.deinupdate.de\/index.php?rest_route=\/wp\/v2\/posts"}],"about":[{"href":"https:\/\/90x.deinupdate.de\/index.php?rest_route=\/wp\/v2\/types\/post"}],"author":[{"embeddable":true,"href":"https:\/\/90x.deinupdate.de\/index.php?rest_route=\/wp\/v2\/users\/4"}],"replies":[{"embeddable":true,"href":"https:\/\/90x.deinupdate.de\/index.php?rest_route=%2Fwp%2Fv2%2Fcomments&post=238155"}],"version-history":[{"count":6,"href":"https:\/\/90x.deinupdate.de\/index.php?rest_route=\/wp\/v2\/posts\/238155\/revisions"}],"predecessor-version":[{"id":238257,"href":"https:\/\/90x.deinupdate.de\/index.php?rest_route=\/wp\/v2\/posts\/238155\/revisions\/238257"}],"wp:featuredmedia":[{"embeddable":true,"href":"https:\/\/90x.deinupdate.de\/index.php?rest_route=\/wp\/v2\/media\/238160"}],"wp:attachment":[{"href":"https:\/\/90x.deinupdate.de\/index.php?rest_route=%2Fwp%2Fv2%2Fmedia&parent=238155"}],"wp:term":[{"taxonomy":"category","embeddable":true,"href":"https:\/\/90x.deinupdate.de\/index.php?rest_route=%2Fwp%2Fv2%2Fcategories&post=238155"},{"taxonomy":"post_tag","embeddable":true,"href":"https:\/\/90x.deinupdate.de\/index.php?rest_route=%2Fwp%2Fv2%2Ftags&post=238155"}],"curies":[{"name":"wp","href":"https:\/\/api.w.org\/{rel}","templated":true}]}}