{"id":234449,"date":"2021-07-19T17:27:52","date_gmt":"2021-07-19T17:27:52","guid":{"rendered":"https:\/\/www.deinupdate.de\/?p=234449"},"modified":"2021-07-19T17:27:52","modified_gmt":"2021-07-19T17:27:52","slug":"kein-witz-ibrahimovic-15-trainiert-bei-bayern","status":"publish","type":"post","link":"https:\/\/90x.deinupdate.de\/?p=234449","title":{"rendered":"Kein Witz: Ibrahimovic (15) trainiert bei Bayern!"},"content":{"rendered":"<p>Zlatan in M\u00fcnchen? Das w\u00e4re f\u00fcr viele Fans ein Traum! Am Montag sieht man wirklich einen Ibrahimovic beim Training an der S\u00e4bener Stra\u00dfe \u2013 aber er ist erst 15.<\/p>\n<h4 style=\"text-align: center;\"><strong>ARIJON<\/strong><\/h4>\n<p>So hei\u00dft der &#8222;falsche Ibra&#8220; mit Vornamen, mit Zlatan hat er nur den Nachnamen gemeinsam. Sonst nichts, sie sind nicht verwandt.<\/p>\n<p>Der Teenager spielt seit 2018 bei Bayern in der Jugend, heute durfte er erstmals bei Trainer Nagelsmann und den Profis ran. Ob er mal so gro\u00df wird wie Zlatan?<\/p>\n<h4 style=\"text-align: center;\"><strong>HIER SEHT IHR ES<\/strong><\/h4>\n<p><img loading=\"lazy\" decoding=\"async\" class=\"alignnone size-full wp-image-234451\" src=\"https:\/\/www.deinupdate.de\/wp-content\/uploads\/2021\/07\/Bildschirmfoto-2021-07-19-um-18.04.01.png\" alt=\"\" width=\"1054\" height=\"948\" srcset=\"https:\/\/90x.deinupdate.de\/wp-content\/uploads\/2021\/07\/Bildschirmfoto-2021-07-19-um-18.04.01.png 1054w, https:\/\/90x.deinupdate.de\/wp-content\/uploads\/2021\/07\/Bildschirmfoto-2021-07-19-um-18.04.01-300x270.png 300w, https:\/\/90x.deinupdate.de\/wp-content\/uploads\/2021\/07\/Bildschirmfoto-2021-07-19-um-18.04.01-768x691.png 768w, https:\/\/90x.deinupdate.de\/wp-content\/uploads\/2021\/07\/Bildschirmfoto-2021-07-19-um-18.04.01-1024x921.png 1024w\" sizes=\"auto, (max-width: 1054px) 100vw, 1054px\" \/><\/p>\n","protected":false},"excerpt":{"rendered":"<p>Zlatan in M\u00fcnchen? Das w\u00e4re f\u00fcr viele Fans ein Traum! Am Montag sieht man wirklich einen Ibrahimovic beim Training an der S\u00e4bener Stra\u00dfe \u2013 aber er ist erst 15. ARIJON So hei\u00dft der &#8222;falsche Ibra&#8220; mit Vornamen, mit Zlatan hat er nur den Nachnamen gemeinsam. Sonst nichts, sie sind nicht verwandt. Der Teenager spielt seit [&hellip;]<\/p>\n","protected":false},"author":1,"featured_media":234450,"comment_status":"open","ping_status":"open","sticky":false,"template":"","format":"standard","meta":{"footnotes":""},"categories":[1],"tags":[],"class_list":["post-234449","post","type-post","status-publish","format-standard","has-post-thumbnail","hentry","category-allgemein"],"publishpress_future_action":{"enabled":false,"date":"1970-01-01 00:00:00","action":"","terms":[],"taxonomy":"","browser_timezone_offset":0},"featured_media_src_url":"https:\/\/90x.deinupdate.de\/wp-content\/uploads\/2021\/07\/Bildschirmfoto-2021-07-19-um-18.00.11.png","acf":{"enable_amazon_playlist_tag_matching":true},"_links":{"self":[{"href":"https:\/\/90x.deinupdate.de\/index.php?rest_route=\/wp\/v2\/posts\/234449","targetHints":{"allow":["GET"]}}],"collection":[{"href":"https:\/\/90x.deinupdate.de\/index.php?rest_route=\/wp\/v2\/posts"}],"about":[{"href":"https:\/\/90x.deinupdate.de\/index.php?rest_route=\/wp\/v2\/types\/post"}],"author":[{"embeddable":true,"href":"https:\/\/90x.deinupdate.de\/index.php?rest_route=\/wp\/v2\/users\/1"}],"replies":[{"embeddable":true,"href":"https:\/\/90x.deinupdate.de\/index.php?rest_route=%2Fwp%2Fv2%2Fcomments&post=234449"}],"version-history":[{"count":1,"href":"https:\/\/90x.deinupdate.de\/index.php?rest_route=\/wp\/v2\/posts\/234449\/revisions"}],"predecessor-version":[{"id":234453,"href":"https:\/\/90x.deinupdate.de\/index.php?rest_route=\/wp\/v2\/posts\/234449\/revisions\/234453"}],"wp:featuredmedia":[{"embeddable":true,"href":"https:\/\/90x.deinupdate.de\/index.php?rest_route=\/wp\/v2\/media\/234450"}],"wp:attachment":[{"href":"https:\/\/90x.deinupdate.de\/index.php?rest_route=%2Fwp%2Fv2%2Fmedia&parent=234449"}],"wp:term":[{"taxonomy":"category","embeddable":true,"href":"https:\/\/90x.deinupdate.de\/index.php?rest_route=%2Fwp%2Fv2%2Fcategories&post=234449"},{"taxonomy":"post_tag","embeddable":true,"href":"https:\/\/90x.deinupdate.de\/index.php?rest_route=%2Fwp%2Fv2%2Ftags&post=234449"}],"curies":[{"name":"wp","href":"https:\/\/api.w.org\/{rel}","templated":true}]}}