{"id":233069,"date":"2021-07-13T15:12:55","date_gmt":"2021-07-13T15:12:55","guid":{"rendered":"https:\/\/www.deinupdate.de\/?p=233069"},"modified":"2021-07-13T15:22:19","modified_gmt":"2021-07-13T15:22:19","slug":"mein-elfmeter-war-nicht-gut-genug-aber","status":"publish","type":"post","link":"https:\/\/90x.deinupdate.de\/?p=233069","title":{"rendered":"&#8222;Mein Elfmeter war nicht gut genug, ABER\u2026&#8220;"},"content":{"rendered":"<p>Es ist einfach nur ekelhaft: Weil der Manchester-Star im EM-Finale gegen Italien daneben schie\u00dft, werden er und seine Kollegen rassistisch beleidigt! Jetzt meldet sich der St\u00fcrmer erstmals mit emotionalen Worten.<\/p>\n<h4 style=\"text-align: center;\"><strong>MARCUS RASHFORD<\/strong><\/h4>\n<p><em>&#8222;Mein Elfmeter war nicht gut genug, der Ball h\u00e4tte reingehen m\u00fcssen. Aber ich werde mich niemals daf\u00fcr entschuldigen, wer ich bin und woher ich komme.&#8220;<\/em><\/p>\n<p>Das schreibt Rashford unter anderem jetzt auf Twitter.<\/p>\n<p><a href=\"https:\/\/www.deinupdate.de\/wp-content\/uploads\/2021\/07\/Bildschirmfoto-2021-07-13-um-13.57.58.png\"><img loading=\"lazy\" decoding=\"async\" class=\"aligncenter size-full wp-image-233071\" src=\"https:\/\/www.deinupdate.de\/wp-content\/uploads\/2021\/07\/Bildschirmfoto-2021-07-13-um-13.57.58.png\" alt=\"\" width=\"772\" height=\"560\" srcset=\"https:\/\/90x.deinupdate.de\/wp-content\/uploads\/2021\/07\/Bildschirmfoto-2021-07-13-um-13.57.58.png 772w, https:\/\/90x.deinupdate.de\/wp-content\/uploads\/2021\/07\/Bildschirmfoto-2021-07-13-um-13.57.58-300x218.png 300w, https:\/\/90x.deinupdate.de\/wp-content\/uploads\/2021\/07\/Bildschirmfoto-2021-07-13-um-13.57.58-768x557.png 768w\" sizes=\"auto, (max-width: 772px) 100vw, 772px\" \/><\/a><\/p>\n<h4 style=\"text-align: center;\"><strong>&#8222;ES TUT MIR LEID&#8220;<\/strong><\/h4>\n<p><em>&#8222;Ich habe mich gef\u00fchlt, als h\u00e4tte ich jeden entt\u00e4uscht. Ein Elfmeter war alles, was ich dem Team beisteuern sollte. Ich kann Elfmeter im Schlaf schie\u00dfen, warum also nicht diesen?<\/em><\/p>\n<p><em>Seitdem ich den Ball getroffen habe, l\u00e4uft es in meinem Kopf immer wieder ab, und es gibt wahrscheinlich kein Wort, das das Gef\u00fchl richtig beschreibt. Finale. 55 Jahre. 1 Elfmeter. Geschichte. Ich kann nur sagen, es tut mir leid. Ich w\u00fcnschte, es w\u00e4re anders gelaufen&#8220;<\/em><\/p>\n<h4 style=\"text-align: center;\"><strong>HIER SEHT IHR ES<\/strong><\/h4>\n<blockquote class=\"twitter-tweet\">\n<p dir=\"ltr\" lang=\"und\"><a href=\"https:\/\/t.co\/bs9lksGM4q\">pic.twitter.com\/bs9lksGM4q<\/a><\/p>\n<p>\u2014 Marcus Rashford MBE (@MarcusRashford) <a href=\"https:\/\/twitter.com\/MarcusRashford\/status\/1414672529717964807?ref_src=twsrc%5Etfw\">July 12, 2021<\/a><\/p><\/blockquote>\n<p><script async src=\"https:\/\/platform.twitter.com\/widgets.js\" charset=\"utf-8\"><\/script><\/p>\n","protected":false},"excerpt":{"rendered":"<p>Es ist einfach nur ekelhaft: Weil der Manchester-Star im EM-Finale gegen Italien daneben schie\u00dft, werden er und seine Kollegen rassistisch beleidigt! Jetzt meldet sich der St\u00fcrmer erstmals mit emotionalen Worten. MARCUS RASHFORD &#8222;Mein Elfmeter war nicht gut genug, der Ball h\u00e4tte reingehen m\u00fcssen. Aber ich werde mich niemals daf\u00fcr entschuldigen, wer ich bin und woher [&hellip;]<\/p>\n","protected":false},"author":4,"featured_media":233162,"comment_status":"open","ping_status":"open","sticky":false,"template":"","format":"standard","meta":{"footnotes":""},"categories":[1],"tags":[],"class_list":["post-233069","post","type-post","status-publish","format-standard","has-post-thumbnail","hentry","category-allgemein"],"publishpress_future_action":{"enabled":false,"date":"1970-01-01 00:00:00","action":"","terms":[],"taxonomy":"","browser_timezone_offset":0},"featured_media_src_url":"https:\/\/90x.deinupdate.de\/wp-content\/uploads\/2021\/07\/Bildschirmfoto-2021-07-13-um-17.20.50-1024x526.png","acf":{"enable_amazon_playlist_tag_matching":true},"_links":{"self":[{"href":"https:\/\/90x.deinupdate.de\/index.php?rest_route=\/wp\/v2\/posts\/233069","targetHints":{"allow":["GET"]}}],"collection":[{"href":"https:\/\/90x.deinupdate.de\/index.php?rest_route=\/wp\/v2\/posts"}],"about":[{"href":"https:\/\/90x.deinupdate.de\/index.php?rest_route=\/wp\/v2\/types\/post"}],"author":[{"embeddable":true,"href":"https:\/\/90x.deinupdate.de\/index.php?rest_route=\/wp\/v2\/users\/4"}],"replies":[{"embeddable":true,"href":"https:\/\/90x.deinupdate.de\/index.php?rest_route=%2Fwp%2Fv2%2Fcomments&post=233069"}],"version-history":[{"count":4,"href":"https:\/\/90x.deinupdate.de\/index.php?rest_route=\/wp\/v2\/posts\/233069\/revisions"}],"predecessor-version":[{"id":233155,"href":"https:\/\/90x.deinupdate.de\/index.php?rest_route=\/wp\/v2\/posts\/233069\/revisions\/233155"}],"wp:featuredmedia":[{"embeddable":true,"href":"https:\/\/90x.deinupdate.de\/index.php?rest_route=\/wp\/v2\/media\/233162"}],"wp:attachment":[{"href":"https:\/\/90x.deinupdate.de\/index.php?rest_route=%2Fwp%2Fv2%2Fmedia&parent=233069"}],"wp:term":[{"taxonomy":"category","embeddable":true,"href":"https:\/\/90x.deinupdate.de\/index.php?rest_route=%2Fwp%2Fv2%2Fcategories&post=233069"},{"taxonomy":"post_tag","embeddable":true,"href":"https:\/\/90x.deinupdate.de\/index.php?rest_route=%2Fwp%2Fv2%2Ftags&post=233069"}],"curies":[{"name":"wp","href":"https:\/\/api.w.org\/{rel}","templated":true}]}}