{"id":233048,"date":"2021-07-13T11:52:58","date_gmt":"2021-07-13T11:52:58","guid":{"rendered":"https:\/\/www.deinupdate.de\/?p=233048"},"modified":"2021-07-13T12:29:15","modified_gmt":"2021-07-13T12:29:15","slug":"eil-sie-kommt-nicht","status":"publish","type":"post","link":"https:\/\/90x.deinupdate.de\/?p=233048","title":{"rendered":"SIE KOMMT NICHT!"},"content":{"rendered":"<p>Es gab wohl keine Frage, die in den letzten Monaten h\u00e4ufiger gestellt wurde: Wird es f\u00fcr die deutschen B\u00fcrger doch noch eine Impfpflicht geben? Jetzt spricht Merkel Klartext&#8230;<\/p>\n<h4 style=\"text-align: center;\"><strong>IMPFPFLICHT<\/strong><\/h4>\n<p>Bundeskanzlerin Angela Merkel und Bundesgesundheitsminister Jens Spahn (beide CDU) haben dem Robert-Koch-Institut in Berlin einen Besuch abgestattet.<\/p>\n<p>Im Gespr\u00e4ch mit dem RKI-Pr\u00e4sident Lothar Wieler ging es um einige sehr interessante Themen, wie zum Beispiel die steigende Inzidenz und die Impfpflicht.<\/p>\n<p><a href=\"https:\/\/www.deinupdate.de\/wp-content\/uploads\/2021\/07\/Bildschirmfoto-2021-07-13-um-13.08.56.png\"><img loading=\"lazy\" decoding=\"async\" class=\"alignnone size-full wp-image-233049\" src=\"https:\/\/www.deinupdate.de\/wp-content\/uploads\/2021\/07\/Bildschirmfoto-2021-07-13-um-13.08.56.png\" alt=\"\" width=\"823\" height=\"486\" srcset=\"https:\/\/90x.deinupdate.de\/wp-content\/uploads\/2021\/07\/Bildschirmfoto-2021-07-13-um-13.08.56.png 823w, https:\/\/90x.deinupdate.de\/wp-content\/uploads\/2021\/07\/Bildschirmfoto-2021-07-13-um-13.08.56-300x177.png 300w, https:\/\/90x.deinupdate.de\/wp-content\/uploads\/2021\/07\/Bildschirmfoto-2021-07-13-um-13.08.56-768x454.png 768w\" sizes=\"auto, (max-width: 823px) 100vw, 823px\" \/><\/a><\/p>\n<h4 style=\"text-align: center;\"><strong>STATEMENT<\/strong><\/h4>\n<p>Durch die Impfungen ergibt sich<\/p>\n<p><em>&#8222;die M\u00f6glichkeit, auch h\u00f6here Inzidenzen zu bew\u00e4ltigen &#8211; ohne, dass das Gesundheitssystem \u00fcberlastet ist (&#8230;)\u00a0Je mehr geimpft sind, umso freier k\u00f6nnen wir wieder\u00a0leben.&#8220;<\/em><\/p>\n<p>Zus\u00e4tzlich betont Merkel, dass man bez\u00fcglich der Impfpflicht nicht den Weg einschlagen w\u00fcrde, den Frankreich aktuell geht:<\/p>\n<p><em>&#8222;Ich glaube, wir k\u00f6nnen Vertrauen gewinnen, indem wir f\u00fcr das Impfen werben.&#8220;<\/em><\/p>\n<p>Was haltet Ihr davon?<\/p>\n<h4 style=\"text-align: center;\"><strong>HIER DIE QUELLE<\/strong><\/h4>\n<blockquote class=\"twitter-tweet\">\n<p dir=\"ltr\" lang=\"de\">Bundeskanzlerin Merkel lehnt <a href=\"https:\/\/twitter.com\/hashtag\/Impfpflicht?src=hash&amp;ref_src=twsrc%5Etfw\">#Impfpflicht<\/a> in jeglicher Form ab: Sie sagte mit Blick auf die Impfpflicht im franz\u00f6sischen Gesundheitswesen, man habe nicht die Absicht, diesen Weg zu gehen. Das w\u00fcrde Vertrauen verspielen.<\/p>\n<p>\u2014 MDR AKTUELL (@MDRAktuell) <a href=\"https:\/\/twitter.com\/MDRAktuell\/status\/1414904826392158210?ref_src=twsrc%5Etfw\">July 13, 2021<\/a><\/p><\/blockquote>\n<p><script async src=\"https:\/\/platform.twitter.com\/widgets.js\" charset=\"utf-8\"><\/script><\/p>\n","protected":false},"excerpt":{"rendered":"<p>Es gab wohl keine Frage, die in den letzten Monaten h\u00e4ufiger gestellt wurde: Wird es f\u00fcr die deutschen B\u00fcrger doch noch eine Impfpflicht geben? Jetzt spricht Merkel Klartext&#8230; IMPFPFLICHT Bundeskanzlerin Angela Merkel und Bundesgesundheitsminister Jens Spahn (beide CDU) haben dem Robert-Koch-Institut in Berlin einen Besuch abgestattet. Im Gespr\u00e4ch mit dem RKI-Pr\u00e4sident Lothar Wieler ging es [&hellip;]<\/p>\n","protected":false},"author":2,"featured_media":233051,"comment_status":"open","ping_status":"open","sticky":false,"template":"","format":"standard","meta":{"footnotes":""},"categories":[1],"tags":[],"class_list":["post-233048","post","type-post","status-publish","format-standard","has-post-thumbnail","hentry","category-allgemein"],"publishpress_future_action":{"enabled":false,"date":"1970-01-01 00:00:00","action":"","terms":[],"taxonomy":"","browser_timezone_offset":0},"featured_media_src_url":"https:\/\/90x.deinupdate.de\/wp-content\/uploads\/2021\/07\/Bildschirmfoto-2021-07-13-um-13.13.15.png","acf":{"enable_amazon_playlist_tag_matching":true},"_links":{"self":[{"href":"https:\/\/90x.deinupdate.de\/index.php?rest_route=\/wp\/v2\/posts\/233048","targetHints":{"allow":["GET"]}}],"collection":[{"href":"https:\/\/90x.deinupdate.de\/index.php?rest_route=\/wp\/v2\/posts"}],"about":[{"href":"https:\/\/90x.deinupdate.de\/index.php?rest_route=\/wp\/v2\/types\/post"}],"author":[{"embeddable":true,"href":"https:\/\/90x.deinupdate.de\/index.php?rest_route=\/wp\/v2\/users\/2"}],"replies":[{"embeddable":true,"href":"https:\/\/90x.deinupdate.de\/index.php?rest_route=%2Fwp%2Fv2%2Fcomments&post=233048"}],"version-history":[{"count":5,"href":"https:\/\/90x.deinupdate.de\/index.php?rest_route=\/wp\/v2\/posts\/233048\/revisions"}],"predecessor-version":[{"id":233080,"href":"https:\/\/90x.deinupdate.de\/index.php?rest_route=\/wp\/v2\/posts\/233048\/revisions\/233080"}],"wp:featuredmedia":[{"embeddable":true,"href":"https:\/\/90x.deinupdate.de\/index.php?rest_route=\/wp\/v2\/media\/233051"}],"wp:attachment":[{"href":"https:\/\/90x.deinupdate.de\/index.php?rest_route=%2Fwp%2Fv2%2Fmedia&parent=233048"}],"wp:term":[{"taxonomy":"category","embeddable":true,"href":"https:\/\/90x.deinupdate.de\/index.php?rest_route=%2Fwp%2Fv2%2Fcategories&post=233048"},{"taxonomy":"post_tag","embeddable":true,"href":"https:\/\/90x.deinupdate.de\/index.php?rest_route=%2Fwp%2Fv2%2Ftags&post=233048"}],"curies":[{"name":"wp","href":"https:\/\/api.w.org\/{rel}","templated":true}]}}