{"id":232896,"date":"2021-07-13T16:19:36","date_gmt":"2021-07-13T16:19:36","guid":{"rendered":"https:\/\/www.deinupdate.de\/?p=232896"},"modified":"2021-07-13T16:22:33","modified_gmt":"2021-07-13T16:22:33","slug":"corona-hammer-ploetzlich-alles-anders","status":"publish","type":"post","link":"https:\/\/90x.deinupdate.de\/?p=232896","title":{"rendered":"Corona-Hammer: Pl\u00f6tzlich ALLES anders!"},"content":{"rendered":"<p>Bisher wurden Corona-Ma\u00dfnahmen immer anhand des Inzidenzwerts verh\u00e4ngt. Ab 100 zieht die Bundes-Notbremse. Das soll sich jetzt jedoch \u00e4ndern. Der Bund hat ein ganz neues Konzept zur Regelung beschlossen&#8230;<\/p>\n<h4 style=\"text-align: center;\"><strong>NEUE WERTE<\/strong><\/h4>\n<p>Ab sofort wird die Corona-Notbremse nicht mehr ausschlie\u00dflich anhand der 7-Tage-Inzidenz festgemacht.<\/p>\n<p>Zuk\u00fcnftig sollen auch wichtige Faktoren wie Fallzahlen, Impf-Fortschritte und wissenschaftliche Einsch\u00e4tzungen hinzugezogen werden.<\/p>\n<p>Das verk\u00fcndet Regierungssprecher Steffen Seibert am Montag.<\/p>\n<p><a href=\"https:\/\/www.deinupdate.de\/wp-content\/uploads\/2021\/07\/imago0120276824h.jpg\"><img loading=\"lazy\" decoding=\"async\" class=\"size-large wp-image-232902\" src=\"https:\/\/www.deinupdate.de\/wp-content\/uploads\/2021\/07\/imago0120276824h-1024x681.jpg\" alt=\"\" width=\"750\" height=\"499\" srcset=\"https:\/\/90x.deinupdate.de\/wp-content\/uploads\/2021\/07\/imago0120276824h-1024x681.jpg 1024w, https:\/\/90x.deinupdate.de\/wp-content\/uploads\/2021\/07\/imago0120276824h-300x200.jpg 300w, https:\/\/90x.deinupdate.de\/wp-content\/uploads\/2021\/07\/imago0120276824h-768x511.jpg 768w\" sizes=\"auto, (max-width: 750px) 100vw, 750px\" \/><\/a><\/p>\n<h4 style=\"text-align: center;\"><strong>SCHULEN<\/strong><\/h4>\n<p>Ob Schulen weiterhin nach H\u00f6he der Inzidenz-Zahl geschlossen werden, soll dabei jedoch nach wie vor auf Landesebene entschieden werden.<\/p>\n<p>Die \u00c4nderungen des Bundes bezieht sich daher auch weiterhin nich auf Schul-Angelegenheiten.<\/p>\n<p>Was denkt ihr dar\u00fcber?<\/p>\n<h4 style=\"text-align: center;\"><strong>HIER SEHT IHR ES<\/strong><\/h4>\n<blockquote class=\"twitter-tweet\">\n<p dir=\"ltr\" lang=\"de\">Die Bundesregierung will eine m\u00f6gliche <a href=\"https:\/\/twitter.com\/hashtag\/Bundesnotbremse?src=hash&amp;ref_src=twsrc%5Etfw\">#Bundesnotbremse<\/a> nicht mehr an der Sieben-Tage-Inzidenz von 100 festmachen. Laut <a href=\"https:\/\/twitter.com\/RegSprecher?ref_src=twsrc%5Etfw\">@RegSprecher<\/a> soll die Situation abh\u00e4ngig von Fallzahlen, Impffortschritten und der wissenschaftlichen Einsch\u00e4tzung bewertet werden. <a href=\"https:\/\/t.co\/eK8FrvRCbR\">https:\/\/t.co\/eK8FrvRCbR<\/a><\/p>\n<p>\u2014 WDR aktuell (@WDRaktuell) <a href=\"https:\/\/twitter.com\/WDRaktuell\/status\/1414569521059405827?ref_src=twsrc%5Etfw\">July 12, 2021<\/a><\/p><\/blockquote>\n<p><script async src=\"https:\/\/platform.twitter.com\/widgets.js\" charset=\"utf-8\"><\/script><\/p>\n","protected":false},"excerpt":{"rendered":"<p>Bisher wurden Corona-Ma\u00dfnahmen immer anhand des Inzidenzwerts verh\u00e4ngt. Ab 100 zieht die Bundes-Notbremse. Das soll sich jetzt jedoch \u00e4ndern. Der Bund hat ein ganz neues Konzept zur Regelung beschlossen&#8230; NEUE WERTE Ab sofort wird die Corona-Notbremse nicht mehr ausschlie\u00dflich anhand der 7-Tage-Inzidenz festgemacht. Zuk\u00fcnftig sollen auch wichtige Faktoren wie Fallzahlen, Impf-Fortschritte und wissenschaftliche Einsch\u00e4tzungen hinzugezogen [&hellip;]<\/p>\n","protected":false},"author":4,"featured_media":232901,"comment_status":"open","ping_status":"open","sticky":false,"template":"","format":"standard","meta":{"footnotes":""},"categories":[1],"tags":[],"class_list":["post-232896","post","type-post","status-publish","format-standard","has-post-thumbnail","hentry","category-allgemein"],"publishpress_future_action":{"enabled":false,"date":"1970-01-01 00:00:00","action":"","terms":[],"taxonomy":"","browser_timezone_offset":0},"featured_media_src_url":"https:\/\/90x.deinupdate.de\/wp-content\/uploads\/2021\/07\/imago0124564039h-1024x683.jpg","acf":{"enable_amazon_playlist_tag_matching":true},"_links":{"self":[{"href":"https:\/\/90x.deinupdate.de\/index.php?rest_route=\/wp\/v2\/posts\/232896","targetHints":{"allow":["GET"]}}],"collection":[{"href":"https:\/\/90x.deinupdate.de\/index.php?rest_route=\/wp\/v2\/posts"}],"about":[{"href":"https:\/\/90x.deinupdate.de\/index.php?rest_route=\/wp\/v2\/types\/post"}],"author":[{"embeddable":true,"href":"https:\/\/90x.deinupdate.de\/index.php?rest_route=\/wp\/v2\/users\/4"}],"replies":[{"embeddable":true,"href":"https:\/\/90x.deinupdate.de\/index.php?rest_route=%2Fwp%2Fv2%2Fcomments&post=232896"}],"version-history":[{"count":9,"href":"https:\/\/90x.deinupdate.de\/index.php?rest_route=\/wp\/v2\/posts\/232896\/revisions"}],"predecessor-version":[{"id":233183,"href":"https:\/\/90x.deinupdate.de\/index.php?rest_route=\/wp\/v2\/posts\/232896\/revisions\/233183"}],"wp:featuredmedia":[{"embeddable":true,"href":"https:\/\/90x.deinupdate.de\/index.php?rest_route=\/wp\/v2\/media\/232901"}],"wp:attachment":[{"href":"https:\/\/90x.deinupdate.de\/index.php?rest_route=%2Fwp%2Fv2%2Fmedia&parent=232896"}],"wp:term":[{"taxonomy":"category","embeddable":true,"href":"https:\/\/90x.deinupdate.de\/index.php?rest_route=%2Fwp%2Fv2%2Fcategories&post=232896"},{"taxonomy":"post_tag","embeddable":true,"href":"https:\/\/90x.deinupdate.de\/index.php?rest_route=%2Fwp%2Fv2%2Ftags&post=232896"}],"curies":[{"name":"wp","href":"https:\/\/api.w.org\/{rel}","templated":true}]}}