{"id":232217,"date":"2021-07-09T17:40:08","date_gmt":"2021-07-09T17:40:08","guid":{"rendered":"https:\/\/www.deinupdate.de\/?p=232217"},"modified":"2021-07-09T17:40:08","modified_gmt":"2021-07-09T17:40:08","slug":"ffp2-schuetzt-nicht-besser-als-op-maske","status":"publish","type":"post","link":"https:\/\/90x.deinupdate.de\/?p=232217","title":{"rendered":"FFP2 sch\u00fctzt nicht besser als OP-Maske!"},"content":{"rendered":"<p>Wurden zu Beginn der Pandemie noch Stoff- und OP-Masken erlaubt, herrscht seit Anfang Februar 2021 die FFP2 Maskenpflicht. Doch laut neusten Erkentnissen, soll die garnicht besser sch\u00fctzen als die medizinische Variante&#8230;<\/p>\n<h4 style=\"text-align: center;\"><strong>BRIEF AN MINISTERIUM<\/strong><\/h4>\n<p>Das sagt jedenfalls der Chef des Robert Koch Instituts:<\/p>\n<p><em>\u201eDas Tragen von FFP2-Masken durch Laien (z. B. beim Einkaufen, im \u00d6PNV) entfaltet nach aktueller fachlicher Einsch\u00e4tzung keine gr\u00f6\u00dfere Wirkung bei der Eind\u00e4mmung der COVID-19-Pandemie als das Tragen von medizinischem Mund-Nasen-Schutz (&#8218;OP-Maske&#8216;)&#8220;<\/em><\/p>\n<p>schrieb dieser schon Anfang Juni in einem Brief an das Gesundheitsministerium.<\/p>\n<p><a href=\"https:\/\/www.deinupdate.de\/wp-content\/uploads\/2021\/07\/imago0119946334h.jpg\"><img loading=\"lazy\" decoding=\"async\" class=\"size-full wp-image-232241\" src=\"https:\/\/www.deinupdate.de\/wp-content\/uploads\/2021\/07\/imago0119946334h.jpg\" alt=\"\" width=\"3449\" height=\"1972\" srcset=\"https:\/\/90x.deinupdate.de\/wp-content\/uploads\/2021\/07\/imago0119946334h.jpg 3449w, https:\/\/90x.deinupdate.de\/wp-content\/uploads\/2021\/07\/imago0119946334h-300x172.jpg 300w, https:\/\/90x.deinupdate.de\/wp-content\/uploads\/2021\/07\/imago0119946334h-768x439.jpg 768w, https:\/\/90x.deinupdate.de\/wp-content\/uploads\/2021\/07\/imago0119946334h-1024x585.jpg 1024w\" sizes=\"auto, (max-width: 3449px) 100vw, 3449px\" \/><\/a><\/p>\n<h4 style=\"text-align: center;\"><strong>FALSCH GETRAGEN<\/strong><\/h4>\n<p>Das w\u00fcrde vor allem daran liegen, dass B\u00fcrger die etwas kompliziert anzuwendende FFP2-Maske oft falsch tragen w\u00fcrden.<\/p>\n<p>Wenn durch kleine L\u00fccken, z.B. neben den Nasenfl\u00fcgeln geatmet wird, geht der Schutz so gut wie ganz verloren. Da man bei der Anwendung von OP-Masken kaum etwas falsch machen k\u00f6nne, w\u00e4re der Schutz hier erheblich gr\u00f6\u00dfer.<\/p>\n<p>Die Regierung h\u00e4lt trotzdem an der FFP2-Maskenpflicht fest.<\/p>\n<h4 style=\"text-align: center;\"><strong>HIER SEHT IHR ES<\/strong><\/h4>\n<blockquote class=\"twitter-tweet\">\n<p dir=\"ltr\" lang=\"de\">RKI-Chef Lothar Wieler &#8211; FFP2-Masken sch\u00fctzen nicht besser als OP-Masken <a href=\"https:\/\/t.co\/9V303ljdpb\">https:\/\/t.co\/9V303ljdpb<\/a><\/p>\n<p>\u2014 BILD (@BILD) <a href=\"https:\/\/twitter.com\/BILD\/status\/1413253273503608837?ref_src=twsrc%5Etfw\">July 8, 2021<\/a><\/p><\/blockquote>\n<p><script async src=\"https:\/\/platform.twitter.com\/widgets.js\" charset=\"utf-8\"><\/script><\/p>\n","protected":false},"excerpt":{"rendered":"<p>Wurden zu Beginn der Pandemie noch Stoff- und OP-Masken erlaubt, herrscht seit Anfang Februar 2021 die FFP2 Maskenpflicht. Doch laut neusten Erkentnissen, soll die garnicht besser sch\u00fctzen als die medizinische Variante&#8230; BRIEF AN MINISTERIUM Das sagt jedenfalls der Chef des Robert Koch Instituts: \u201eDas Tragen von FFP2-Masken durch Laien (z. B. beim Einkaufen, im \u00d6PNV) [&hellip;]<\/p>\n","protected":false},"author":4,"featured_media":232240,"comment_status":"open","ping_status":"open","sticky":false,"template":"","format":"standard","meta":{"footnotes":""},"categories":[1],"tags":[],"class_list":["post-232217","post","type-post","status-publish","format-standard","has-post-thumbnail","hentry","category-allgemein"],"publishpress_future_action":{"enabled":false,"date":"1970-01-01 00:00:00","action":"","terms":[],"taxonomy":"","browser_timezone_offset":0},"featured_media_src_url":"https:\/\/90x.deinupdate.de\/wp-content\/uploads\/2021\/07\/imago1002987394h-1024x512.jpg","acf":{"enable_amazon_playlist_tag_matching":true},"_links":{"self":[{"href":"https:\/\/90x.deinupdate.de\/index.php?rest_route=\/wp\/v2\/posts\/232217","targetHints":{"allow":["GET"]}}],"collection":[{"href":"https:\/\/90x.deinupdate.de\/index.php?rest_route=\/wp\/v2\/posts"}],"about":[{"href":"https:\/\/90x.deinupdate.de\/index.php?rest_route=\/wp\/v2\/types\/post"}],"author":[{"embeddable":true,"href":"https:\/\/90x.deinupdate.de\/index.php?rest_route=\/wp\/v2\/users\/4"}],"replies":[{"embeddable":true,"href":"https:\/\/90x.deinupdate.de\/index.php?rest_route=%2Fwp%2Fv2%2Fcomments&post=232217"}],"version-history":[{"count":6,"href":"https:\/\/90x.deinupdate.de\/index.php?rest_route=\/wp\/v2\/posts\/232217\/revisions"}],"predecessor-version":[{"id":232438,"href":"https:\/\/90x.deinupdate.de\/index.php?rest_route=\/wp\/v2\/posts\/232217\/revisions\/232438"}],"wp:featuredmedia":[{"embeddable":true,"href":"https:\/\/90x.deinupdate.de\/index.php?rest_route=\/wp\/v2\/media\/232240"}],"wp:attachment":[{"href":"https:\/\/90x.deinupdate.de\/index.php?rest_route=%2Fwp%2Fv2%2Fmedia&parent=232217"}],"wp:term":[{"taxonomy":"category","embeddable":true,"href":"https:\/\/90x.deinupdate.de\/index.php?rest_route=%2Fwp%2Fv2%2Fcategories&post=232217"},{"taxonomy":"post_tag","embeddable":true,"href":"https:\/\/90x.deinupdate.de\/index.php?rest_route=%2Fwp%2Fv2%2Ftags&post=232217"}],"curies":[{"name":"wp","href":"https:\/\/api.w.org\/{rel}","templated":true}]}}