{"id":231880,"date":"2021-07-07T17:33:32","date_gmt":"2021-07-07T17:33:32","guid":{"rendered":"https:\/\/www.deinupdate.de\/?p=231880"},"modified":"2021-07-07T17:48:40","modified_gmt":"2021-07-07T17:48:40","slug":"keine-maske-mehr-wenn-du","status":"publish","type":"post","link":"https:\/\/90x.deinupdate.de\/?p=231880","title":{"rendered":"Keine Maske mehr, wenn DU&#8230;"},"content":{"rendered":"<p>Das Ende der Maskenpflicht hat in England bereits ein Datum, auch in Deutschland wird endlich dar\u00fcber debattiert, ob wir nach mehr als anderthalb Jahren zum Vor-Corona-Alltag zur\u00fcckkehren und den Mund Nasen Schutz f\u00fcr immer ablegen d\u00fcrfen&#8230;<\/p>\n<h4 style=\"text-align: center;\"><strong>ZWEI IMPFUNGEN<\/strong><\/h4>\n<p>Jedenfalls dann, wenn beide Impfungen bereits gespritzt wurden und auch die 14-t\u00e4gige Frist wacker ausgehalten wurde, so w\u00fcnscht sich das NRW-Gesundheitsminister Karl-Josef Laumann.<\/p>\n<p><em>&#8222;Es muss nat\u00fcrlich irgendwann so sein, dass die Menschen die sich zweimal haben impfen lassen und eine volle Immunisierung haben, nat\u00fcrlich auch bestimmte Auflagen nicht mehr haben. Und diejenigen, die sich nicht impfen lassen obwohl sie es k\u00f6nnten, finde ich, haben nicht das Recht dazu zu sagen: Ihr m\u00fcsst aber alle Maske tragen damit ich mich nicht infiziere&#8220;<\/em><\/p>\n<p>Als Zeitpunkt sieht Laumann hier Mitte August bis Anfang September vor.<\/p>\n<h4 style=\"text-align: center;\"><strong>HIER SEHT IHR ES<\/strong><\/h4>\n<blockquote class=\"twitter-tweet\">\n<p dir=\"ltr\" lang=\"de\"><a href=\"https:\/\/twitter.com\/hashtag\/NRW?src=hash&amp;ref_src=twsrc%5Etfw\">#NRW<\/a>-Gesundheitsminister Karl-Josef <a href=\"https:\/\/twitter.com\/hashtag\/Laumann?src=hash&amp;ref_src=twsrc%5Etfw\">#Laumann<\/a> (CDU) kann sich eine Aufhebung der <a href=\"https:\/\/twitter.com\/hashtag\/Maskenpflicht?src=hash&amp;ref_src=twsrc%5Etfw\">#Maskenpflicht<\/a> f\u00fcr zweifach Geimpfte vorstellen. Andere m\u00fcssten weiter Masken tragen. Das sagte er im <a href=\"https:\/\/twitter.com\/ZDF?ref_src=twsrc%5Etfw\">@zdf<\/a>-Mittagsmagazin im Gespr\u00e4ch mit <a href=\"https:\/\/twitter.com\/MitriSirin?ref_src=twsrc%5Etfw\">@MitriSirin<\/a> <a href=\"https:\/\/twitter.com\/ZDFheute?ref_src=twsrc%5Etfw\">@zdfheute<\/a> <a href=\"https:\/\/twitter.com\/hashtag\/MaskenRunter?src=hash&amp;ref_src=twsrc%5Etfw\">#MaskenRunter<\/a> <a href=\"https:\/\/t.co\/RvVHBKNfSW\">pic.twitter.com\/RvVHBKNfSW<\/a><\/p>\n<p>\u2014 ZDF-Landesstudio Nordrhein-Westfalen (@ZDFnrw) <a href=\"https:\/\/twitter.com\/ZDFnrw\/status\/1412755028042039296?ref_src=twsrc%5Etfw\">July 7, 2021<\/a><\/p><\/blockquote>\n","protected":false},"excerpt":{"rendered":"<p>Das Ende der Maskenpflicht hat in England bereits ein Datum, auch in Deutschland wird endlich dar\u00fcber debattiert, ob wir nach mehr als anderthalb Jahren zum Vor-Corona-Alltag zur\u00fcckkehren und den Mund Nasen Schutz f\u00fcr immer ablegen d\u00fcrfen&#8230; ZWEI IMPFUNGEN Jedenfalls dann, wenn beide Impfungen bereits gespritzt wurden und auch die 14-t\u00e4gige Frist wacker ausgehalten wurde, so [&hellip;]<\/p>\n","protected":false},"author":4,"featured_media":231891,"comment_status":"open","ping_status":"open","sticky":false,"template":"","format":"standard","meta":{"footnotes":""},"categories":[1],"tags":[],"class_list":["post-231880","post","type-post","status-publish","format-standard","has-post-thumbnail","hentry","category-allgemein"],"publishpress_future_action":{"enabled":false,"date":"1970-01-01 00:00:00","action":"","terms":[],"taxonomy":"","browser_timezone_offset":0},"featured_media_src_url":"https:\/\/90x.deinupdate.de\/wp-content\/uploads\/2021\/07\/imago0121438134h-1024x647.jpg","acf":{"enable_amazon_playlist_tag_matching":true},"_links":{"self":[{"href":"https:\/\/90x.deinupdate.de\/index.php?rest_route=\/wp\/v2\/posts\/231880","targetHints":{"allow":["GET"]}}],"collection":[{"href":"https:\/\/90x.deinupdate.de\/index.php?rest_route=\/wp\/v2\/posts"}],"about":[{"href":"https:\/\/90x.deinupdate.de\/index.php?rest_route=\/wp\/v2\/types\/post"}],"author":[{"embeddable":true,"href":"https:\/\/90x.deinupdate.de\/index.php?rest_route=\/wp\/v2\/users\/4"}],"replies":[{"embeddable":true,"href":"https:\/\/90x.deinupdate.de\/index.php?rest_route=%2Fwp%2Fv2%2Fcomments&post=231880"}],"version-history":[{"count":6,"href":"https:\/\/90x.deinupdate.de\/index.php?rest_route=\/wp\/v2\/posts\/231880\/revisions"}],"predecessor-version":[{"id":231940,"href":"https:\/\/90x.deinupdate.de\/index.php?rest_route=\/wp\/v2\/posts\/231880\/revisions\/231940"}],"wp:featuredmedia":[{"embeddable":true,"href":"https:\/\/90x.deinupdate.de\/index.php?rest_route=\/wp\/v2\/media\/231891"}],"wp:attachment":[{"href":"https:\/\/90x.deinupdate.de\/index.php?rest_route=%2Fwp%2Fv2%2Fmedia&parent=231880"}],"wp:term":[{"taxonomy":"category","embeddable":true,"href":"https:\/\/90x.deinupdate.de\/index.php?rest_route=%2Fwp%2Fv2%2Fcategories&post=231880"},{"taxonomy":"post_tag","embeddable":true,"href":"https:\/\/90x.deinupdate.de\/index.php?rest_route=%2Fwp%2Fv2%2Ftags&post=231880"}],"curies":[{"name":"wp","href":"https:\/\/api.w.org\/{rel}","templated":true}]}}