{"id":229862,"date":"2021-06-29T10:21:15","date_gmt":"2021-06-29T10:21:15","guid":{"rendered":"https:\/\/www.deinupdate.de\/?p=229862"},"modified":"2021-06-29T10:21:15","modified_gmt":"2021-06-29T10:21:15","slug":"tote-13-jaehrige-gefunden-jugendliche-festgenommen","status":"publish","type":"post","link":"https:\/\/90x.deinupdate.de\/?p=229862","title":{"rendered":"Tote 13-J\u00e4hrige gefunden \u2013 Jugendliche festgenommen!"},"content":{"rendered":"<p>Ein trauriger Fund schockt grad ein ganzes Land: In der \u00f6stereichischen Hauptstadt wird am Samstag die Leiche eines 13-j\u00e4hrigen M\u00e4dchens auf einer Wiese gefunden \u2013 jetzt gelten zwei Teenager als tatverd\u00e4chtig.<\/p>\n<h4 style=\"text-align: center;\"><strong>WIEN<\/strong><\/h4>\n<p>WER hat das arme M\u00e4dchen get\u00f6tet? Das fragt sich altuell ganz \u00d6sterreich. Die Leiche der Jugendlichen lehnt am Wochenende einfach an einem Baum auf einer Gr\u00fcnfl\u00e4che \u2013 dann die traurige Gewissheit: Sie wurde erstickt!<\/p>\n<p>Am Montagabend nimmt die Wiener Polizei im Zuge der Ermittlungen zwei Jugendliche fest. Die beiden Verd\u00e4chtigen sind laut Beh\u00f6rden 16 und 18 Jahre alt.<\/p>\n<blockquote class=\"twitter-tweet\">\n<p dir=\"ltr\" lang=\"de\">Update: Festnahme von zwei Tatverd\u00e4chtigen nach Mord <a href=\"https:\/\/t.co\/AJ0nUJLHUI\">pic.twitter.com\/AJ0nUJLHUI<\/a><\/p>\n<p>\u2014 POLIZEI WIEN (@LPDWien) <a href=\"https:\/\/twitter.com\/LPDWien\/status\/1409565949779456004?ref_src=twsrc%5Etfw\">June 28, 2021<\/a><\/p><\/blockquote>\n<h4 style=\"text-align: center;\"><strong>ZEUGE SAGTE AUS<\/strong><\/h4>\n<p>Durch Zeugenaussagen kommen die Beamten auf die Spur der beiden, jetzt sollen sie verh\u00f6rt werden.<\/p>\n<p>Die Familie der Verstorbenen wird laut Medienberichten von Psychologen betreut, und auch die Mitsch\u00fcler des M\u00e4dchens bekommen mentale Unterst\u00fctzung. Hoffentlich wird der oder die Killer gefunden und bestraft\u2026<\/p>\n<h4 style=\"text-align: center;\"><strong>HIER DIE QUELLE<\/strong><\/h4>\n<blockquote class=\"twitter-tweet\">\n<p dir=\"ltr\" lang=\"de\">In den heutigen Morgenstunden entdeckten Passant*innen in der <a href=\"https:\/\/twitter.com\/hashtag\/Donaustadt?src=hash&amp;ref_src=twsrc%5Etfw\">#Donaustadt<\/a>, im Bereich eines Gr\u00fcnstreifens eine regungslose Frau. Reanimationsversuche durch die Passant*innen, unsere alarmierten Kolleg*innen &amp; dem Rettungsdienst verliefen leider negativ.<\/p>\n<p>\u2014 POLIZEI WIEN (@LPDWien) <a href=\"https:\/\/twitter.com\/LPDWien\/status\/1408734636973465601?ref_src=twsrc%5Etfw\">June 26, 2021<\/a><\/p><\/blockquote>\n<p><script async src=\"https:\/\/platform.twitter.com\/widgets.js\" charset=\"utf-8\"><\/script><\/p>\n","protected":false},"excerpt":{"rendered":"<p>Ein trauriger Fund schockt grad ein ganzes Land: In der \u00f6stereichischen Hauptstadt wird am Samstag die Leiche eines 13-j\u00e4hrigen M\u00e4dchens auf einer Wiese gefunden \u2013 jetzt gelten zwei Teenager als tatverd\u00e4chtig. WIEN WER hat das arme M\u00e4dchen get\u00f6tet? Das fragt sich altuell ganz \u00d6sterreich. Die Leiche der Jugendlichen lehnt am Wochenende einfach an einem Baum [&hellip;]<\/p>\n","protected":false},"author":4,"featured_media":229877,"comment_status":"open","ping_status":"open","sticky":false,"template":"","format":"standard","meta":{"footnotes":""},"categories":[1],"tags":[],"class_list":["post-229862","post","type-post","status-publish","format-standard","has-post-thumbnail","hentry","category-allgemein"],"publishpress_future_action":{"enabled":false,"date":"1970-01-01 00:00:00","action":"","terms":[],"taxonomy":"","browser_timezone_offset":0},"featured_media_src_url":"https:\/\/90x.deinupdate.de\/wp-content\/uploads\/2021\/06\/Bildschirmfoto-2021-06-29-um-12.01.27-1024x641.png","acf":{"enable_amazon_playlist_tag_matching":true},"_links":{"self":[{"href":"https:\/\/90x.deinupdate.de\/index.php?rest_route=\/wp\/v2\/posts\/229862","targetHints":{"allow":["GET"]}}],"collection":[{"href":"https:\/\/90x.deinupdate.de\/index.php?rest_route=\/wp\/v2\/posts"}],"about":[{"href":"https:\/\/90x.deinupdate.de\/index.php?rest_route=\/wp\/v2\/types\/post"}],"author":[{"embeddable":true,"href":"https:\/\/90x.deinupdate.de\/index.php?rest_route=\/wp\/v2\/users\/4"}],"replies":[{"embeddable":true,"href":"https:\/\/90x.deinupdate.de\/index.php?rest_route=%2Fwp%2Fv2%2Fcomments&post=229862"}],"version-history":[{"count":3,"href":"https:\/\/90x.deinupdate.de\/index.php?rest_route=\/wp\/v2\/posts\/229862\/revisions"}],"predecessor-version":[{"id":229874,"href":"https:\/\/90x.deinupdate.de\/index.php?rest_route=\/wp\/v2\/posts\/229862\/revisions\/229874"}],"wp:featuredmedia":[{"embeddable":true,"href":"https:\/\/90x.deinupdate.de\/index.php?rest_route=\/wp\/v2\/media\/229877"}],"wp:attachment":[{"href":"https:\/\/90x.deinupdate.de\/index.php?rest_route=%2Fwp%2Fv2%2Fmedia&parent=229862"}],"wp:term":[{"taxonomy":"category","embeddable":true,"href":"https:\/\/90x.deinupdate.de\/index.php?rest_route=%2Fwp%2Fv2%2Fcategories&post=229862"},{"taxonomy":"post_tag","embeddable":true,"href":"https:\/\/90x.deinupdate.de\/index.php?rest_route=%2Fwp%2Fv2%2Ftags&post=229862"}],"curies":[{"name":"wp","href":"https:\/\/api.w.org\/{rel}","templated":true}]}}