{"id":229348,"date":"2021-06-27T11:23:44","date_gmt":"2021-06-27T11:23:44","guid":{"rendered":"https:\/\/www.deinupdate.de\/?p=229348"},"modified":"2021-06-27T11:23:44","modified_gmt":"2021-06-27T11:23:44","slug":"festivals-im-herbst-wieder-moeglich","status":"publish","type":"post","link":"https:\/\/90x.deinupdate.de\/?p=229348","title":{"rendered":"Festivals im Herbst wieder m\u00f6glich?"},"content":{"rendered":"<p>Endlich mal wieder auf einem Festival zu seinen Lieblingsstars abgehen \u2013 das ist seit Corona nicht m\u00f6glich. Doch die Bundesregierung macht nun Hoffnung\u2026<\/p>\n<h4 style=\"text-align: center;\"><strong>NEUANFANG<\/strong><\/h4>\n<p>Nachdem in diesem Jahr bereits reihenweise Festivals abgesagt wurden, macht Wirtschafts-Staatssekret\u00e4r Thomas Barei\u00df jetzt Hoffnung f\u00fcr einen Neustart.<\/p>\n<p><em>&#8222;Wenn jeder ein Impfangebot bekommen hat, gibt es keinen Grund mehr, warum nicht auch Veranstaltungen mit 10.000 Besuchern oder mehr wieder m\u00f6glich sein sollten.\u201c<\/em><\/p>\n<p><a href=\"https:\/\/www.deinupdate.de\/wp-content\/uploads\/2021\/06\/Thomas-Barei\u00df.jpg\"><img loading=\"lazy\" decoding=\"async\" class=\"aligncenter size-large wp-image-229354\" src=\"https:\/\/www.deinupdate.de\/wp-content\/uploads\/2021\/06\/Thomas-Barei\u00df-1024x714.jpg\" alt=\"\" width=\"750\" height=\"523\" srcset=\"https:\/\/90x.deinupdate.de\/wp-content\/uploads\/2021\/06\/Thomas-Barei\u00df-1024x714.jpg 1024w, https:\/\/90x.deinupdate.de\/wp-content\/uploads\/2021\/06\/Thomas-Barei\u00df-300x209.jpg 300w, https:\/\/90x.deinupdate.de\/wp-content\/uploads\/2021\/06\/Thomas-Barei\u00df-768x535.jpg 768w, https:\/\/90x.deinupdate.de\/wp-content\/uploads\/2021\/06\/Thomas-Barei\u00df.jpg 1802w\" sizes=\"auto, (max-width: 750px) 100vw, 750px\" \/><\/a><\/p>\n<p>Im Sp\u00e4t-Herbst k\u00f6nnte es nach Aussagen des 46-J\u00e4hrigen soweit sein. Voraussetzung f\u00fcr den Eintritt wird aber sein, dass Besucher geimpft oder getestet sind.<\/p>\n<h4 style=\"text-align: center;\"><strong>HIER DIE QUELLE<\/strong><\/h4>\n<blockquote class=\"twitter-tweet\">\n<p dir=\"ltr\" lang=\"de\">Corona: Wie im Herbst wieder Festivals stattfinden k\u00f6nnten <a href=\"https:\/\/t.co\/TsA8z6oYHP\">https:\/\/t.co\/TsA8z6oYHP<\/a> <a href=\"https:\/\/t.co\/h6tfbvvXPL\">pic.twitter.com\/h6tfbvvXPL<\/a><\/p>\n<p>\u2014 WELT (@welt) <a href=\"https:\/\/twitter.com\/welt\/status\/1409072789303218177?ref_src=twsrc%5Etfw\">June 27, 2021<\/a><\/p><\/blockquote>\n<p><script async src=\"https:\/\/platform.twitter.com\/widgets.js\" charset=\"utf-8\"><\/script><\/p>\n","protected":false},"excerpt":{"rendered":"<p>Endlich mal wieder auf einem Festival zu seinen Lieblingsstars abgehen \u2013 das ist seit Corona nicht m\u00f6glich. Doch die Bundesregierung macht nun Hoffnung\u2026 NEUANFANG Nachdem in diesem Jahr bereits reihenweise Festivals abgesagt wurden, macht Wirtschafts-Staatssekret\u00e4r Thomas Barei\u00df jetzt Hoffnung f\u00fcr einen Neustart. &#8222;Wenn jeder ein Impfangebot bekommen hat, gibt es keinen Grund mehr, warum nicht [&hellip;]<\/p>\n","protected":false},"author":4,"featured_media":229353,"comment_status":"open","ping_status":"open","sticky":false,"template":"","format":"standard","meta":{"footnotes":""},"categories":[1],"tags":[],"class_list":["post-229348","post","type-post","status-publish","format-standard","has-post-thumbnail","hentry","category-allgemein"],"publishpress_future_action":{"enabled":false,"date":"1970-01-01 00:00:00","action":"","terms":[],"taxonomy":"","browser_timezone_offset":0},"featured_media_src_url":"https:\/\/90x.deinupdate.de\/wp-content\/uploads\/2021\/06\/Festival-Cro-1024x663.jpg","acf":{"enable_amazon_playlist_tag_matching":true},"_links":{"self":[{"href":"https:\/\/90x.deinupdate.de\/index.php?rest_route=\/wp\/v2\/posts\/229348","targetHints":{"allow":["GET"]}}],"collection":[{"href":"https:\/\/90x.deinupdate.de\/index.php?rest_route=\/wp\/v2\/posts"}],"about":[{"href":"https:\/\/90x.deinupdate.de\/index.php?rest_route=\/wp\/v2\/types\/post"}],"author":[{"embeddable":true,"href":"https:\/\/90x.deinupdate.de\/index.php?rest_route=\/wp\/v2\/users\/4"}],"replies":[{"embeddable":true,"href":"https:\/\/90x.deinupdate.de\/index.php?rest_route=%2Fwp%2Fv2%2Fcomments&post=229348"}],"version-history":[{"count":2,"href":"https:\/\/90x.deinupdate.de\/index.php?rest_route=\/wp\/v2\/posts\/229348\/revisions"}],"predecessor-version":[{"id":229426,"href":"https:\/\/90x.deinupdate.de\/index.php?rest_route=\/wp\/v2\/posts\/229348\/revisions\/229426"}],"wp:featuredmedia":[{"embeddable":true,"href":"https:\/\/90x.deinupdate.de\/index.php?rest_route=\/wp\/v2\/media\/229353"}],"wp:attachment":[{"href":"https:\/\/90x.deinupdate.de\/index.php?rest_route=%2Fwp%2Fv2%2Fmedia&parent=229348"}],"wp:term":[{"taxonomy":"category","embeddable":true,"href":"https:\/\/90x.deinupdate.de\/index.php?rest_route=%2Fwp%2Fv2%2Fcategories&post=229348"},{"taxonomy":"post_tag","embeddable":true,"href":"https:\/\/90x.deinupdate.de\/index.php?rest_route=%2Fwp%2Fv2%2Ftags&post=229348"}],"curies":[{"name":"wp","href":"https:\/\/api.w.org\/{rel}","templated":true}]}}