{"id":22786,"date":"2018-10-01T19:16:27","date_gmt":"2018-10-01T19:16:27","guid":{"rendered":"http:\/\/www.deinupdate.de\/?p=22786"},"modified":"2018-10-01T19:32:26","modified_gmt":"2018-10-01T19:32:26","slug":"der-neue-instagram-boss","status":"publish","type":"post","link":"https:\/\/90x.deinupdate.de\/?p=22786","title":{"rendered":"Der neue Instagram-Boss!"},"content":{"rendered":"<p>Nachdem vor wenigen Tagen die beiden Instagram-Gr\u00fcnder Kevin Systrom und Mike Krieger ihren R\u00fcckzug aus dem Facebook-Konzern bekannt gaben, steht nun fest, wer bei dem Fotodienst fortan das Ruder \u00fcbernehmen wird.<\/p>\n<h4 style=\"text-align: center;\"><strong>ADAM MOSSERI<\/strong><\/h4>\n<p>Er war lange Zeit f\u00fcr den Newsfeed \u2013 das Herzst\u00fcck von Facebook &#8211; verantwortlich. Nun wird Adam Mosseri der neue Instagram-Boss.<\/p>\n<p>Er war bereits vor einigen Monaten als Produktchef zu Instagram gegangen und \u00fcbernimmt jetzt den Chefposten bei dem derzeit gefragtesten Social Media Dienst.<\/p>\n<p>Instagram war im Jahr 2012 f\u00fcr rund eine Milliarde Dollar von Facebook gekauft worden, konnte aber mit den beiden Gr\u00fcndern Kevin Systrom und Mike Krieger an der Spitze weitgehend eigenst\u00e4ndig weiterarbeiten.<\/p>\n<p>Vor einer Woche gaben Systrom und Krieger jedoch ihren pl\u00f6tzlichen R\u00fcckzug bekannt. Laut Medienberichten gab es Differenzen mit der Facebook-F\u00fchrung \u00fcber die Strategie. Zudem seien die beiden auch unzufrieden dar\u00fcber gewesen, dass Facebooks Gr\u00fcnder und Chef Mark Zuckerberg immer mehr bei Instagram mitmischen wollte.<\/p>\n<p>Instagram mit mehr als einer Milliarde Nutzer wird immer wichtiger f\u00fcr Facebook, w\u00e4hrend sich das Gesch\u00e4ftswachstum bei der Haupt-Plattform des Online-Netzwerks (Facebook) zuletzt deutlich verlangsamte.<\/p>\n","protected":false},"excerpt":{"rendered":"<p>Nachdem vor wenigen Tagen die beiden Instagram-Gr\u00fcnder Kevin Systrom und Mike Krieger ihren R\u00fcckzug aus dem Facebook-Konzern bekannt gaben, steht nun fest, wer bei dem Fotodienst fortan das Ruder \u00fcbernehmen wird. ADAM MOSSERI Er war lange Zeit f\u00fcr den Newsfeed \u2013 das Herzst\u00fcck von Facebook &#8211; verantwortlich. Nun wird Adam Mosseri der neue Instagram-Boss. Er [&hellip;]<\/p>\n","protected":false},"author":1,"featured_media":22787,"comment_status":"open","ping_status":"open","sticky":false,"template":"","format":"standard","meta":{"footnotes":""},"categories":[108],"tags":[],"class_list":["post-22786","post","type-post","status-publish","format-standard","has-post-thumbnail","hentry","category-hot-news-allgemein"],"publishpress_future_action":{"enabled":false,"date":"1970-01-01 00:00:00","action":"","terms":[],"taxonomy":"","browser_timezone_offset":0},"featured_media_src_url":"https:\/\/90x.deinupdate.de\/wp-content\/uploads\/2018\/10\/Screenshot-2018-10-01-21.14.37-1024x669.png","acf":null,"_links":{"self":[{"href":"https:\/\/90x.deinupdate.de\/index.php?rest_route=\/wp\/v2\/posts\/22786","targetHints":{"allow":["GET"]}}],"collection":[{"href":"https:\/\/90x.deinupdate.de\/index.php?rest_route=\/wp\/v2\/posts"}],"about":[{"href":"https:\/\/90x.deinupdate.de\/index.php?rest_route=\/wp\/v2\/types\/post"}],"author":[{"embeddable":true,"href":"https:\/\/90x.deinupdate.de\/index.php?rest_route=\/wp\/v2\/users\/1"}],"replies":[{"embeddable":true,"href":"https:\/\/90x.deinupdate.de\/index.php?rest_route=%2Fwp%2Fv2%2Fcomments&post=22786"}],"version-history":[{"count":3,"href":"https:\/\/90x.deinupdate.de\/index.php?rest_route=\/wp\/v2\/posts\/22786\/revisions"}],"predecessor-version":[{"id":22790,"href":"https:\/\/90x.deinupdate.de\/index.php?rest_route=\/wp\/v2\/posts\/22786\/revisions\/22790"}],"wp:featuredmedia":[{"embeddable":true,"href":"https:\/\/90x.deinupdate.de\/index.php?rest_route=\/wp\/v2\/media\/22787"}],"wp:attachment":[{"href":"https:\/\/90x.deinupdate.de\/index.php?rest_route=%2Fwp%2Fv2%2Fmedia&parent=22786"}],"wp:term":[{"taxonomy":"category","embeddable":true,"href":"https:\/\/90x.deinupdate.de\/index.php?rest_route=%2Fwp%2Fv2%2Fcategories&post=22786"},{"taxonomy":"post_tag","embeddable":true,"href":"https:\/\/90x.deinupdate.de\/index.php?rest_route=%2Fwp%2Fv2%2Ftags&post=22786"}],"curies":[{"name":"wp","href":"https:\/\/api.w.org\/{rel}","templated":true}]}}