{"id":227496,"date":"2021-06-21T13:57:57","date_gmt":"2021-06-21T13:57:57","guid":{"rendered":"https:\/\/www.deinupdate.de\/?p=227496"},"modified":"2021-06-21T14:12:28","modified_gmt":"2021-06-21T14:12:28","slug":"eil-rassismus-eklat-bei-der-em","status":"publish","type":"post","link":"https:\/\/90x.deinupdate.de\/?p=227496","title":{"rendered":"RASSISMUS-EKLAT BEI DER EM!"},"content":{"rendered":"<p>Erst gestern wurde die Meldung offiziell, dass die UEFA gegen die DfB-Elf wegen Manuel Neuers Regenbogen-Kapit\u00e4nsbinde ermitteln wird. Jetzt gibt es direkt den n\u00e4chsten UEFA-Hammer&#8230;.<\/p>\n<h4 style=\"text-align: center;\"><strong>UNGARN-FANS<\/strong><\/h4>\n<p>Aber weswegen? Laut einem Statement der UEFA sind die ungarischen Fans mit Affenlauten und rassistischen \u00c4u\u00dferungen bei dem Spiel gegen Frankreich (1:1) im Budapester Stadion aufgefallen.<\/p>\n<p>Bereits im Spiel der Ungarn gegen Portugal (0:3) soll es Affenlaute gegeben haben, wenn ein dunkelh\u00e4utiger Portugiese am Ball war.<\/p>\n<p><a href=\"https:\/\/www.deinupdate.de\/wp-content\/uploads\/2021\/06\/Bildschirmfoto-2021-06-21-um-15.56.02.png\"><img loading=\"lazy\" decoding=\"async\" class=\"alignnone size-full wp-image-227499\" src=\"https:\/\/www.deinupdate.de\/wp-content\/uploads\/2021\/06\/Bildschirmfoto-2021-06-21-um-15.56.02.png\" alt=\"\" width=\"1066\" height=\"690\" srcset=\"https:\/\/90x.deinupdate.de\/wp-content\/uploads\/2021\/06\/Bildschirmfoto-2021-06-21-um-15.56.02.png 1066w, https:\/\/90x.deinupdate.de\/wp-content\/uploads\/2021\/06\/Bildschirmfoto-2021-06-21-um-15.56.02-300x194.png 300w, https:\/\/90x.deinupdate.de\/wp-content\/uploads\/2021\/06\/Bildschirmfoto-2021-06-21-um-15.56.02-768x497.png 768w, https:\/\/90x.deinupdate.de\/wp-content\/uploads\/2021\/06\/Bildschirmfoto-2021-06-21-um-15.56.02-1024x663.png 1024w\" sizes=\"auto, (max-width: 1066px) 100vw, 1066px\" \/><\/a><\/p>\n<h4 style=\"text-align: center;\"><strong>STATEMENT<\/strong><\/h4>\n<p><em>&#8222;Gem\u00e4\u00df Artikel 31 (4) der Uefa-Disziplinarordnung wurde ein Uefa-Ethik- und Disziplinarinspektor ernannt, der eine Disziplinaruntersuchung zu m\u00f6glichen diskriminierenden Vorf\u00e4llen in der Puskas-Arena w\u00e4hrend der Spiele der in die Gruppen der EM 2020 zwischen den Mannschaften von Ungarn und Portugal am 15. Juni 2021 und zwischen den Mannschaften von Ungarn und Frankreich am 19. Juni 2021 einleitet&#8220;<\/em><\/p>\n<p>Welche Strafen dem Verband drohen, wei\u00df man aktuell noch nicht. Wir halten Euch auf dem Laufenden!<\/p>\n<h4 style=\"text-align: center;\"><strong>HIER DIE QUELLE<\/strong><\/h4>\n<blockquote class=\"twitter-tweet\">\n<p dir=\"ltr\" lang=\"de\">Nach rassistischen Beleidigungen &#8211; Uefa ermittelt gegen Ungarn-Fans! <a href=\"https:\/\/t.co\/Sr4LoDzwhA\">https:\/\/t.co\/Sr4LoDzwhA<\/a> <a href=\"https:\/\/twitter.com\/hashtag\/Sport?src=hash&amp;ref_src=twsrc%5Etfw\">#Sport<\/a> <a href=\"https:\/\/twitter.com\/hashtag\/News?src=hash&amp;ref_src=twsrc%5Etfw\">#News<\/a><\/p>\n<p>\u2014 BILD Sport (@BILD_Sport) <a href=\"https:\/\/twitter.com\/BILD_Sport\/status\/1406894769016557569?ref_src=twsrc%5Etfw\">June 21, 2021<\/a><\/p><\/blockquote>\n<p><script async src=\"https:\/\/platform.twitter.com\/widgets.js\" charset=\"utf-8\"><\/script><\/p>\n","protected":false},"excerpt":{"rendered":"<p>Erst gestern wurde die Meldung offiziell, dass die UEFA gegen die DfB-Elf wegen Manuel Neuers Regenbogen-Kapit\u00e4nsbinde ermitteln wird. Jetzt gibt es direkt den n\u00e4chsten UEFA-Hammer&#8230;. UNGARN-FANS Aber weswegen? Laut einem Statement der UEFA sind die ungarischen Fans mit Affenlauten und rassistischen \u00c4u\u00dferungen bei dem Spiel gegen Frankreich (1:1) im Budapester Stadion aufgefallen. Bereits im Spiel [&hellip;]<\/p>\n","protected":false},"author":2,"featured_media":227498,"comment_status":"open","ping_status":"open","sticky":false,"template":"","format":"standard","meta":{"footnotes":""},"categories":[1],"tags":[],"class_list":["post-227496","post","type-post","status-publish","format-standard","has-post-thumbnail","hentry","category-allgemein"],"publishpress_future_action":{"enabled":false,"date":"1970-01-01 00:00:00","action":"","terms":[],"taxonomy":"","browser_timezone_offset":0},"featured_media_src_url":"https:\/\/90x.deinupdate.de\/wp-content\/uploads\/2021\/06\/Bildschirmfoto-2021-06-21-um-15.50.20-1024x591.png","acf":{"enable_amazon_playlist_tag_matching":true},"_links":{"self":[{"href":"https:\/\/90x.deinupdate.de\/index.php?rest_route=\/wp\/v2\/posts\/227496","targetHints":{"allow":["GET"]}}],"collection":[{"href":"https:\/\/90x.deinupdate.de\/index.php?rest_route=\/wp\/v2\/posts"}],"about":[{"href":"https:\/\/90x.deinupdate.de\/index.php?rest_route=\/wp\/v2\/types\/post"}],"author":[{"embeddable":true,"href":"https:\/\/90x.deinupdate.de\/index.php?rest_route=\/wp\/v2\/users\/2"}],"replies":[{"embeddable":true,"href":"https:\/\/90x.deinupdate.de\/index.php?rest_route=%2Fwp%2Fv2%2Fcomments&post=227496"}],"version-history":[{"count":7,"href":"https:\/\/90x.deinupdate.de\/index.php?rest_route=\/wp\/v2\/posts\/227496\/revisions"}],"predecessor-version":[{"id":227510,"href":"https:\/\/90x.deinupdate.de\/index.php?rest_route=\/wp\/v2\/posts\/227496\/revisions\/227510"}],"wp:featuredmedia":[{"embeddable":true,"href":"https:\/\/90x.deinupdate.de\/index.php?rest_route=\/wp\/v2\/media\/227498"}],"wp:attachment":[{"href":"https:\/\/90x.deinupdate.de\/index.php?rest_route=%2Fwp%2Fv2%2Fmedia&parent=227496"}],"wp:term":[{"taxonomy":"category","embeddable":true,"href":"https:\/\/90x.deinupdate.de\/index.php?rest_route=%2Fwp%2Fv2%2Fcategories&post=227496"},{"taxonomy":"post_tag","embeddable":true,"href":"https:\/\/90x.deinupdate.de\/index.php?rest_route=%2Fwp%2Fv2%2Ftags&post=227496"}],"curies":[{"name":"wp","href":"https:\/\/api.w.org\/{rel}","templated":true}]}}