{"id":221865,"date":"2021-05-30T15:18:36","date_gmt":"2021-05-30T15:18:36","guid":{"rendered":"https:\/\/www.deinupdate.de\/?p=221865"},"modified":"2021-05-30T15:18:36","modified_gmt":"2021-05-30T15:18:36","slug":"farid-mit-neuem-seitenhieb-gegen-badmomzjay","status":"publish","type":"post","link":"https:\/\/90x.deinupdate.de\/?p=221865","title":{"rendered":"Farid mit neuem Seitenhieb gegen Badmomzjay!"},"content":{"rendered":"<p>Am 23. Juli ist es soweit: Farid Bang bringt sein neues Album &#8222;Asozialer Marokkaner&#8220; auf den Markt. Bereits im Vorfeld hatte der Platinrapper angek\u00fcndigt, dass er auf dem Release ordentlich dissen wird. Eine neue H\u00f6rprobe sorgt f\u00fcr einen weiteren Vorgeschmack&#8230;<\/p>\n<h4 style=\"text-align: center;\"><strong>&#8222;VOM TAKT&#8220;<\/strong><\/h4>\n<p>In der brandneuen H\u00f6rprobe rappt Farid:<\/p>\n<p><em>&#8222;Schei\u00dfe Kyree, ich komme vom Takt&#8230; wie Badmomzjays-Verse&#8220;<\/em><\/p>\n<p><a href=\"https:\/\/www.deinupdate.de\/wp-content\/uploads\/2021\/05\/Bildschirmfoto-2021-05-30-um-16.26.19.png\"><img loading=\"lazy\" decoding=\"async\" class=\"alignnone size-full wp-image-221867\" src=\"https:\/\/www.deinupdate.de\/wp-content\/uploads\/2021\/05\/Bildschirmfoto-2021-05-30-um-16.26.19.png\" alt=\"\" width=\"636\" height=\"662\" srcset=\"https:\/\/90x.deinupdate.de\/wp-content\/uploads\/2021\/05\/Bildschirmfoto-2021-05-30-um-16.26.19.png 636w, https:\/\/90x.deinupdate.de\/wp-content\/uploads\/2021\/05\/Bildschirmfoto-2021-05-30-um-16.26.19-288x300.png 288w\" sizes=\"auto, (max-width: 636px) 100vw, 636px\" \/><\/a><\/p>\n<h4 style=\"text-align: center;\"><strong>ERKL\u00c4RUNG<\/strong><\/h4>\n<p>Mit der Line spielt Farid Bang darauf an, dass der Rapper Takt32 die Lyrics der Platz 1 K\u00fcnstlerin schreibt.<\/p>\n<p>Man darf gespannt sein, ob die Teenagerin im antworten wird&#8230;<\/p>\n<h4 style=\"text-align: center;\"><strong>HIER DER POST<\/strong><\/h4>\n<blockquote class=\"instagram-media\" style=\"background: #FFF; border: 0; border-radius: 3px; box-shadow: 0 0 1px 0 rgba(0,0,0,0.5),0 1px 10px 0 rgba(0,0,0,0.15); margin: 1px; max-width: 540px; min-width: 326px; padding: 0; width: calc(100% - 2px);\" data-instgrm-captioned=\"\" data-instgrm-permalink=\"https:\/\/www.instagram.com\/p\/CPf_qwQBWXx\/?utm_source=ig_embed&amp;utm_campaign=loading\" data-instgrm-version=\"13\">\n<div style=\"padding: 16px;\">\n<p>&nbsp;<\/p>\n<div style=\"display: flex; flex-direction: row; align-items: center;\">\n<div style=\"background-color: #f4f4f4; border-radius: 50%; flex-grow: 0; height: 40px; margin-right: 14px; width: 40px;\"><\/div>\n<div style=\"display: flex; flex-direction: column; flex-grow: 1; justify-content: center;\">\n<div style=\"background-color: #f4f4f4; border-radius: 4px; flex-grow: 0; height: 14px; margin-bottom: 6px; width: 100px;\"><\/div>\n<div style=\"background-color: #f4f4f4; border-radius: 4px; flex-grow: 0; height: 14px; width: 60px;\"><\/div>\n<\/div>\n<\/div>\n<div style=\"padding: 19% 0;\"><\/div>\n<div style=\"display: block; height: 50px; margin: 0 auto 12px; width: 50px;\"><\/div>\n<div style=\"padding-top: 8px;\">\n<div style=\"color: #3897f0; font-family: Arial,sans-serif; font-size: 14px; font-style: normal; font-weight: 550; line-height: 18px;\">View this post on Instagram<\/div>\n<\/div>\n<div style=\"padding: 12.5% 0;\"><\/div>\n<div style=\"display: flex; flex-direction: row; margin-bottom: 14px; align-items: center;\">\n<div>\n<div style=\"background-color: #f4f4f4; border-radius: 50%; height: 12.5px; width: 12.5px; transform: translateX(0px) translateY(7px);\"><\/div>\n<div style=\"background-color: #f4f4f4; height: 12.5px; transform: rotate(-45deg) translateX(3px) translateY(1px); width: 12.5px; flex-grow: 0; margin-right: 14px; margin-left: 2px;\"><\/div>\n<div style=\"background-color: #f4f4f4; border-radius: 50%; height: 12.5px; width: 12.5px; transform: translateX(9px) translateY(-18px);\"><\/div>\n<\/div>\n<div style=\"margin-left: 8px;\">\n<div style=\"background-color: #f4f4f4; border-radius: 50%; flex-grow: 0; height: 20px; width: 20px;\"><\/div>\n<div style=\"width: 0; height: 0; border-top: 2px solid transparent; border-left: 6px solid #f4f4f4; border-bottom: 2px solid transparent; transform: translateX(16px) translateY(-4px) rotate(30deg);\"><\/div>\n<\/div>\n<div style=\"margin-left: auto;\">\n<div style=\"width: 0px; border-top: 8px solid #F4F4F4; border-right: 8px solid transparent; transform: translateY(16px);\"><\/div>\n<div style=\"background-color: #f4f4f4; flex-grow: 0; height: 12px; width: 16px; transform: translateY(-4px);\"><\/div>\n<div style=\"width: 0; height: 0; border-top: 8px solid #F4F4F4; border-left: 8px solid transparent; transform: translateY(-4px) translateX(8px);\"><\/div>\n<\/div>\n<\/div>\n<div style=\"display: flex; flex-direction: column; flex-grow: 1; justify-content: center; margin-bottom: 24px;\">\n<div style=\"background-color: #f4f4f4; border-radius: 4px; flex-grow: 0; height: 14px; margin-bottom: 6px; width: 224px;\"><\/div>\n<div style=\"background-color: #f4f4f4; border-radius: 4px; flex-grow: 0; height: 14px; width: 144px;\"><\/div>\n<\/div>\n<p>&nbsp;<\/p>\n<p style=\"color: #c9c8cd; font-family: Arial,sans-serif; font-size: 14px; line-height: 17px; margin-bottom: 0; margin-top: 8px; overflow: hidden; padding: 8px 0 7px; text-align: center; text-overflow: ellipsis; white-space: nowrap;\"><a style=\"color: #c9c8cd; font-family: Arial,sans-serif; font-size: 14px; font-style: normal; font-weight: normal; line-height: 17px; text-decoration: none;\" href=\"https:\/\/www.instagram.com\/p\/CPf_qwQBWXx\/?utm_source=ig_embed&amp;utm_campaign=loading\" target=\"_blank\" rel=\"noopener\">A post shared by ????? ???? (@faridbangbang)<\/a><\/p>\n<\/div>\n<\/blockquote>\n<p><script async src=\"\/\/www.instagram.com\/embed.js\"><\/script><\/p>\n","protected":false},"excerpt":{"rendered":"<p>Am 23. Juli ist es soweit: Farid Bang bringt sein neues Album &#8222;Asozialer Marokkaner&#8220; auf den Markt. Bereits im Vorfeld hatte der Platinrapper angek\u00fcndigt, dass er auf dem Release ordentlich dissen wird. Eine neue H\u00f6rprobe sorgt f\u00fcr einen weiteren Vorgeschmack&#8230; &#8222;VOM TAKT&#8220; In der brandneuen H\u00f6rprobe rappt Farid: &#8222;Schei\u00dfe Kyree, ich komme vom Takt&#8230; wie [&hellip;]<\/p>\n","protected":false},"author":2,"featured_media":221866,"comment_status":"open","ping_status":"open","sticky":false,"template":"","format":"standard","meta":{"footnotes":""},"categories":[1],"tags":[],"class_list":["post-221865","post","type-post","status-publish","format-standard","has-post-thumbnail","hentry","category-allgemein"],"publishpress_future_action":{"enabled":false,"date":"1970-01-01 00:00:00","action":"","terms":[],"taxonomy":"","browser_timezone_offset":0},"featured_media_src_url":"https:\/\/90x.deinupdate.de\/wp-content\/uploads\/2021\/05\/Bildschirmfoto-2021-05-30-um-16.22.17-1024x527.png","acf":{"enable_amazon_playlist_tag_matching":true},"_links":{"self":[{"href":"https:\/\/90x.deinupdate.de\/index.php?rest_route=\/wp\/v2\/posts\/221865","targetHints":{"allow":["GET"]}}],"collection":[{"href":"https:\/\/90x.deinupdate.de\/index.php?rest_route=\/wp\/v2\/posts"}],"about":[{"href":"https:\/\/90x.deinupdate.de\/index.php?rest_route=\/wp\/v2\/types\/post"}],"author":[{"embeddable":true,"href":"https:\/\/90x.deinupdate.de\/index.php?rest_route=\/wp\/v2\/users\/2"}],"replies":[{"embeddable":true,"href":"https:\/\/90x.deinupdate.de\/index.php?rest_route=%2Fwp%2Fv2%2Fcomments&post=221865"}],"version-history":[{"count":1,"href":"https:\/\/90x.deinupdate.de\/index.php?rest_route=\/wp\/v2\/posts\/221865\/revisions"}],"predecessor-version":[{"id":221868,"href":"https:\/\/90x.deinupdate.de\/index.php?rest_route=\/wp\/v2\/posts\/221865\/revisions\/221868"}],"wp:featuredmedia":[{"embeddable":true,"href":"https:\/\/90x.deinupdate.de\/index.php?rest_route=\/wp\/v2\/media\/221866"}],"wp:attachment":[{"href":"https:\/\/90x.deinupdate.de\/index.php?rest_route=%2Fwp%2Fv2%2Fmedia&parent=221865"}],"wp:term":[{"taxonomy":"category","embeddable":true,"href":"https:\/\/90x.deinupdate.de\/index.php?rest_route=%2Fwp%2Fv2%2Fcategories&post=221865"},{"taxonomy":"post_tag","embeddable":true,"href":"https:\/\/90x.deinupdate.de\/index.php?rest_route=%2Fwp%2Fv2%2Ftags&post=221865"}],"curies":[{"name":"wp","href":"https:\/\/api.w.org\/{rel}","templated":true}]}}