{"id":1521,"date":"2018-04-28T19:29:33","date_gmt":"2018-04-28T19:29:33","guid":{"rendered":"http:\/\/www.deinupdate.de\/?p=1521"},"modified":"2018-04-28T19:29:33","modified_gmt":"2018-04-28T19:29:33","slug":"nach-nimo-jetzt-kuendigt-der-naechste-rapper-eine-pause-von-der-oeffentlichkeit-an","status":"publish","type":"post","link":"https:\/\/90x.deinupdate.de\/?p=1521","title":{"rendered":"Nach Nimo: Jetzt k\u00fcndigt der n\u00e4chste Rapper eine Pause von der \u00d6ffentlichkeit an!"},"content":{"rendered":"<p>Jetzt geht es Schlag um Schlag! Nachdem wir vor wenigen Stunden dar\u00fcber berichteten, dass sich Nimo nun erstmals aus der \u00d6ffentlichkeit zur\u00fcckziehen wird um private Angelegenheiten zu regeln, k\u00fcndigt auch der n\u00e4chste Rapper seine vor\u00fcbergehende Abwesenheit an&#8230;<\/p>\n<h4 style=\"text-align: center;\"><strong>&#8222;ICH MUSS MEINEN KOPF ZUSAMMENFLICKEN&#8220;<\/strong><\/h4>\n<p>Wie Sierra Kidd auf seinem offiziellen Instagram Profil seinen Fans mitteilt, wird auch er sich vorerst zur\u00fcckziehen um sein privat Leben wieder in den Griff zu bekommen! Wie lange die beiden K\u00fcnstler nicht aktiv sein werden, ist noch nicht klar. Wir w\u00fcnschen beiden Rappern viel Gl\u00fcck!<\/p>\n<p>Unten im Artikel findet Ihr den kompletten Beitrag des Emdener Artists.<\/p>\n<h4 style=\"text-align: center;\"><strong>HIER DER POST<\/strong><\/h4>\n<blockquote class=\"instagram-media\" style=\"background: #FFF; border: 0; border-radius: 3px; box-shadow: 0 0 1px 0 rgba(0,0,0,0.5),0 1px 10px 0 rgba(0,0,0,0.15); margin: 1px; max-width: 658px; padding: 0; width: calc(100% - 2px);\" data-instgrm-captioned=\"\" data-instgrm-permalink=\"https:\/\/www.instagram.com\/p\/BiHhgnzF6PL\/\" data-instgrm-version=\"8\">\n<div style=\"padding: 8px;\">\n<div style=\"background: #F8F8F8; line-height: 0; margin-top: 40px; padding: 50.0% 0; text-align: center; width: 100%;\">\n<div style=\"background: url(data:image\/png; base64,ivborw0kggoaaaansuheugaaacwaaaascamaaaapwqozaaaabgdbtueaalgpc\/xhbqaaaafzukdcak7ohokaaaamuexurczmzpf399fx1+bm5mzy9amaaadisurbvdjlvzxbesmgces5\/p8\/t9furvcrmu73jwlzosgsiizurcjo\/ad+eqjjb4hv8bft+idpqocx1wjosbfhh2xssxeiyn3uli\/6mnree07uiwjev8ueowds88ly97kqytlijkktuybbruayvh5wohixmpi5we58ek028czwyuqdlkpg1bkb4nnm+veanfhqn1k4+gpt6ugqcvu2h2ovuif\/gwufyy8owepdyzsa3avcqpvovvzzz2vtnn2wu8qzvjddeto90gsy9mvlqtgysy231mxry6i2ggqjrty0l8fxcxfcbbhwrsyyaaaaaelftksuqmcc); display: block; height: 44px; margin: 0 auto -44px; position: relative; top: -22px; width: 44px;\"><\/div>\n<\/div>\n<p style=\"margin: 8px 0 0 0; padding: 0 4px;\"><a style=\"color: #000; font-family: Arial,sans-serif; font-size: 14px; font-style: normal; font-weight: normal; line-height: 17px; text-decoration: none; word-wrap: break-word;\" href=\"https:\/\/www.instagram.com\/p\/BiHhgnzF6PL\/\" target=\"_blank\" rel=\"noopener\">Ich werde mein Telefon f\u00fcr eine Weile abgeben bis dahin wird sich @cheriimoya um meine Social Media Seiten k\u00fcmmern . Ich liebe euch alle so sehr und es bricht mir das Herz wenn ich daran denke dass ihr niemals wissen werdet wie sehr. Ich bin bald zur\u00fcck mit neuer Power aber ich muss meinen K\u00f6rper &amp; meinen Kopf wieder zusammenflicken, falsche Freunde aussortieren und das REAL LIFE in den Griff bekommen ! Ich danke euch f\u00fcr euren jahrelangen Support und hoffe er endet nicht nur weil ich Zeit f\u00fcr mich brauche &#8230; vor der Kamera sind wir alle Stars aber dahinter sind wir auch nur Menschen die ihre Grenzen haben . Wie gesagt @cheriimoya wird euch weiterhin mit allerlei Infos bzgl. Musik , Merch und meiner Gesundheit versorgen !! Ich LIEBE euch !!! Ihr macht mein Leben lebenswert ich meine das wie ich es sage .. bis sehr sehr bald !! Euer Kidd<\/a><\/p>\n<p style=\"color: #c9c8cd; font-family: Arial,sans-serif; font-size: 14px; line-height: 17px; margin-bottom: 0; margin-top: 8px; overflow: hidden; padding: 8px 0 7px; text-align: center; text-overflow: ellipsis; white-space: nowrap;\">A post shared by <a style=\"color: #c9c8cd; font-family: Arial,sans-serif; font-size: 14px; font-style: normal; font-weight: normal; line-height: 17px;\" href=\"https:\/\/www.instagram.com\/kidd\/\" target=\"_blank\" rel=\"noopener\"> Sierra Kidd<\/a> (@kidd) on <time style=\"font-family: Arial,sans-serif; font-size: 14px; line-height: 17px;\" datetime=\"2018-04-28T14:31:08+00:00\">Apr 28, 2018 at 7:31am PDT<\/time><\/p>\n<\/div>\n<\/blockquote>\n<p><script async defer src=\"\/\/www.instagram.com\/embed.js\"><\/script><\/p>\n","protected":false},"excerpt":{"rendered":"<p>Jetzt geht es Schlag um Schlag! Nachdem wir vor wenigen Stunden dar\u00fcber berichteten, dass sich Nimo nun erstmals aus der \u00d6ffentlichkeit zur\u00fcckziehen wird um private Angelegenheiten zu regeln, k\u00fcndigt auch der n\u00e4chste Rapper seine vor\u00fcbergehende Abwesenheit an&#8230; &#8222;ICH MUSS MEINEN KOPF ZUSAMMENFLICKEN&#8220; Wie Sierra Kidd auf seinem offiziellen Instagram Profil seinen Fans mitteilt, wird auch [&hellip;]<\/p>\n","protected":false},"author":2,"featured_media":1522,"comment_status":"open","ping_status":"open","sticky":false,"template":"","format":"standard","meta":{"footnotes":""},"categories":[4],"tags":[],"class_list":["post-1521","post","type-post","status-publish","format-standard","has-post-thumbnail","hentry","category-important"],"publishpress_future_action":{"enabled":false,"date":"1970-01-01 00:00:00","action":"","terms":[],"taxonomy":"","browser_timezone_offset":0},"featured_media_src_url":"https:\/\/90x.deinupdate.de\/wp-content\/uploads\/2018\/04\/2018-04-28-19_39_13-Nimo-_-385id\u00e9al-@nimo-\u2022-Instagram-photos-and-videos.jpg","acf":null,"_links":{"self":[{"href":"https:\/\/90x.deinupdate.de\/index.php?rest_route=\/wp\/v2\/posts\/1521","targetHints":{"allow":["GET"]}}],"collection":[{"href":"https:\/\/90x.deinupdate.de\/index.php?rest_route=\/wp\/v2\/posts"}],"about":[{"href":"https:\/\/90x.deinupdate.de\/index.php?rest_route=\/wp\/v2\/types\/post"}],"author":[{"embeddable":true,"href":"https:\/\/90x.deinupdate.de\/index.php?rest_route=\/wp\/v2\/users\/2"}],"replies":[{"embeddable":true,"href":"https:\/\/90x.deinupdate.de\/index.php?rest_route=%2Fwp%2Fv2%2Fcomments&post=1521"}],"version-history":[{"count":1,"href":"https:\/\/90x.deinupdate.de\/index.php?rest_route=\/wp\/v2\/posts\/1521\/revisions"}],"predecessor-version":[{"id":1523,"href":"https:\/\/90x.deinupdate.de\/index.php?rest_route=\/wp\/v2\/posts\/1521\/revisions\/1523"}],"wp:featuredmedia":[{"embeddable":true,"href":"https:\/\/90x.deinupdate.de\/index.php?rest_route=\/wp\/v2\/media\/1522"}],"wp:attachment":[{"href":"https:\/\/90x.deinupdate.de\/index.php?rest_route=%2Fwp%2Fv2%2Fmedia&parent=1521"}],"wp:term":[{"taxonomy":"category","embeddable":true,"href":"https:\/\/90x.deinupdate.de\/index.php?rest_route=%2Fwp%2Fv2%2Fcategories&post=1521"},{"taxonomy":"post_tag","embeddable":true,"href":"https:\/\/90x.deinupdate.de\/index.php?rest_route=%2Fwp%2Fv2%2Ftags&post=1521"}],"curies":[{"name":"wp","href":"https:\/\/api.w.org\/{rel}","templated":true}]}}