{"id":13636,"date":"2018-08-08T16:03:46","date_gmt":"2018-08-08T16:03:46","guid":{"rendered":"http:\/\/www.deinupdate.de\/?p=13636"},"modified":"2018-08-08T16:03:46","modified_gmt":"2018-08-08T16:03:46","slug":"es-ist-offiziell-merkel-empfaengt-erdogan","status":"publish","type":"post","link":"https:\/\/90x.deinupdate.de\/?p=13636","title":{"rendered":"Es ist offiziell: Merkel empf\u00e4ngt Erdogan!"},"content":{"rendered":"<p>Mesut \u00d6zil trat vor knapp 3 Wochen aus der deutschen Nationalmannschaft zur\u00fcck, nachdem er massiv f\u00fcr ein Foto mit Erdogan kritisiert wurde. Jetzt empf\u00e4ngt Bundeskanzlerin Merkel den t\u00fcrkischen Pr\u00e4sidenten in Berlin!<\/p>\n<h4 style=\"text-align: center;\"><strong>28. SEPTEMBER<\/strong><\/h4>\n<p>Das ist der Termin f\u00fcr den Staatsbesuch, 24 Stunden wird das umstrittene Staatsoberhaupt in Deutschland sein. Dabei trifft Erdogan Angela Merkel und Bundespr\u00e4sident Steinmeier, der die Einladung ausgesprochen hat. Programmpunkte: Eine Begr\u00fc\u00dfung mit milit\u00e4rischen Ehren und ein offizielles Staatsbankett, bei dem die Politiker gemeinsam essen. Kritik am Besuch kommt unter anderem von den Gr\u00fcnen, Cem \u00d6zdemir sagt: <em>&#8222;Erdogan ist kein normaler Pr\u00e4sident in einer Demokratie und sollte deshalb auch nicht so empfangen werden.&#8220;\u00a0<\/em><\/p>\n<p>Mehr Infos zum Staatsbesuch bekommt Ihr <a href=\"http:\/\/www.spiegel.de\/politik\/deutschland\/recep-tayyip-erdogan-staatsbesuch-in-deutschland-am-28-september-a-1222091.html\" target=\"_blank\" rel=\"noopener\"><strong>HIER<\/strong><\/a>!<\/p>\n","protected":false},"excerpt":{"rendered":"<p>Mesut \u00d6zil trat vor knapp 3 Wochen aus der deutschen Nationalmannschaft zur\u00fcck, nachdem er massiv f\u00fcr ein Foto mit Erdogan kritisiert wurde. Jetzt empf\u00e4ngt Bundeskanzlerin Merkel den t\u00fcrkischen Pr\u00e4sidenten in Berlin! 28. SEPTEMBER Das ist der Termin f\u00fcr den Staatsbesuch, 24 Stunden wird das umstrittene Staatsoberhaupt in Deutschland sein. Dabei trifft Erdogan Angela Merkel und [&hellip;]<\/p>\n","protected":false},"author":1,"featured_media":13637,"comment_status":"open","ping_status":"open","sticky":false,"template":"","format":"standard","meta":{"footnotes":""},"categories":[108],"tags":[],"class_list":["post-13636","post","type-post","status-publish","format-standard","has-post-thumbnail","hentry","category-hot-news-allgemein"],"publishpress_future_action":{"enabled":false,"date":"1970-01-01 00:00:00","action":"","terms":[],"taxonomy":"","browser_timezone_offset":0},"featured_media_src_url":"https:\/\/90x.deinupdate.de\/wp-content\/uploads\/2018\/08\/Bildschirmfoto-2018-08-08-um-17.53.03.png","acf":null,"_links":{"self":[{"href":"https:\/\/90x.deinupdate.de\/index.php?rest_route=\/wp\/v2\/posts\/13636","targetHints":{"allow":["GET"]}}],"collection":[{"href":"https:\/\/90x.deinupdate.de\/index.php?rest_route=\/wp\/v2\/posts"}],"about":[{"href":"https:\/\/90x.deinupdate.de\/index.php?rest_route=\/wp\/v2\/types\/post"}],"author":[{"embeddable":true,"href":"https:\/\/90x.deinupdate.de\/index.php?rest_route=\/wp\/v2\/users\/1"}],"replies":[{"embeddable":true,"href":"https:\/\/90x.deinupdate.de\/index.php?rest_route=%2Fwp%2Fv2%2Fcomments&post=13636"}],"version-history":[{"count":3,"href":"https:\/\/90x.deinupdate.de\/index.php?rest_route=\/wp\/v2\/posts\/13636\/revisions"}],"predecessor-version":[{"id":13640,"href":"https:\/\/90x.deinupdate.de\/index.php?rest_route=\/wp\/v2\/posts\/13636\/revisions\/13640"}],"wp:featuredmedia":[{"embeddable":true,"href":"https:\/\/90x.deinupdate.de\/index.php?rest_route=\/wp\/v2\/media\/13637"}],"wp:attachment":[{"href":"https:\/\/90x.deinupdate.de\/index.php?rest_route=%2Fwp%2Fv2%2Fmedia&parent=13636"}],"wp:term":[{"taxonomy":"category","embeddable":true,"href":"https:\/\/90x.deinupdate.de\/index.php?rest_route=%2Fwp%2Fv2%2Fcategories&post=13636"},{"taxonomy":"post_tag","embeddable":true,"href":"https:\/\/90x.deinupdate.de\/index.php?rest_route=%2Fwp%2Fv2%2Ftags&post=13636"}],"curies":[{"name":"wp","href":"https:\/\/api.w.org\/{rel}","templated":true}]}}