{"id":1282,"date":"2018-04-22T21:10:28","date_gmt":"2018-04-22T21:10:28","guid":{"rendered":"http:\/\/www.deinupdate.de\/?p=1282"},"modified":"2018-04-22T21:10:28","modified_gmt":"2018-04-22T21:10:28","slug":"hass-gegen-auslaender-jetzt-reagiert-carmen-geiss","status":"publish","type":"post","link":"https:\/\/90x.deinupdate.de\/?p=1282","title":{"rendered":"Hass gegen Ausl\u00e4nder? Jetzt reagiert Carmen Geiss!"},"content":{"rendered":"<p>Und da haben wir das gro\u00dfe Statement! Nachdem Carmen Geiss in den vergangenen Tagen mehrfach Posts gegen Farid Bang ver\u00f6ffentlichte, kam oft der Vorwurf von Ausl\u00e4nderhass. Nun reagiert die K\u00f6lnerin mit einer XXL Klarstellung&#8230;<\/p>\n<h4 style=\"text-align: center;\"><strong>CARMEN AUF INSTAGRAM<\/strong><\/h4>\n<p><em>&#8222;Ausgerechnet mich als Ausl\u00e4nderhasserin darzustellen ist nun wirklich absurd. Ich lebe im Ausland, die meisten meiner Freunde sind Ausl\u00e4nder, und ich selbst bin Ausl\u00e4nder hier in Monaco.\u00a0Wie die meisten Ausl\u00e4nder aber wei\u00df ich mich in meinem Gastland anst\u00e4ndig zu benehmen.&#8220;<\/em><\/p>\n<p>Was haltet Ihr von den Worten des TV Stars? Unten im Artikel findet Ihr den kompletten Beitrag dazu.<\/p>\n<h4 style=\"text-align: center;\"><strong>HIER DER POST<\/strong><\/h4>\n<blockquote class=\"instagram-media\" style=\"background: #FFF; border: 0; border-radius: 3px; box-shadow: 0 0 1px 0 rgba(0,0,0,0.5),0 1px 10px 0 rgba(0,0,0,0.15); margin: 1px; max-width: 658px; padding: 0; width: calc(100% - 2px);\" data-instgrm-captioned=\"\" data-instgrm-permalink=\"https:\/\/www.instagram.com\/p\/Bh4opUAn6nu\/\" data-instgrm-version=\"8\">\n<div style=\"padding: 8px;\">\n<div style=\"background: #F8F8F8; line-height: 0; margin-top: 40px; padding: 62.5% 0; text-align: center; width: 100%;\">\n<div style=\"background: url(data:image\/png; base64,ivborw0kggoaaaansuheugaaacwaaaascamaaaapwqozaaaabgdbtueaalgpc\/xhbqaaaafzukdcak7ohokaaaamuexurczmzpf399fx1+bm5mzy9amaaadisurbvdjlvzxbesmgces5\/p8\/t9furvcrmu73jwlzosgsiizurcjo\/ad+eqjjb4hv8bft+idpqocx1wjosbfhh2xssxeiyn3uli\/6mnree07uiwjev8ueowds88ly97kqytlijkktuybbruayvh5wohixmpi5we58ek028czwyuqdlkpg1bkb4nnm+veanfhqn1k4+gpt6ugqcvu2h2ovuif\/gwufyy8owepdyzsa3avcqpvovvzzz2vtnn2wu8qzvjddeto90gsy9mvlqtgysy231mxry6i2ggqjrty0l8fxcxfcbbhwrsyyaaaaaelftksuqmcc); display: block; height: 44px; margin: 0 auto -44px; position: relative; top: -22px; width: 44px;\"><\/div>\n<\/div>\n<p style=\"margin: 8px 0 0 0; padding: 0 4px;\"><a style=\"color: #000; font-family: Arial,sans-serif; font-size: 14px; font-style: normal; font-weight: normal; line-height: 17px; text-decoration: none; word-wrap: break-word;\" href=\"https:\/\/www.instagram.com\/p\/Bh4opUAn6nu\/\" target=\"_blank\" rel=\"noopener\">Ausgerechnet mich als Ausl\u00e4nderhasserin darzustellen ist nun wirklich absurd. Ich lebe im Ausland, die Meisten meiner Freunde sind Ausl\u00e4nder, und ich selbst bin Ausl\u00e4nder hier in Monaco. Wie die meisten Ausl\u00e4nder aber wei\u00df ich mich in meinem Gastland anst\u00e4ndig zu benehmen. Jedenfalls beschimpfe ich Einheimische nicht oder poste ihre Facebookprofile mit \u00fcbelster F\u00e4kalsprache voll. Und jetzt denkt mal nach!! GUTE NACHT! #carmengeissfuerrespektimnetz<\/a><\/p>\n<p style=\"color: #c9c8cd; font-family: Arial,sans-serif; font-size: 14px; line-height: 17px; margin-bottom: 0; margin-top: 8px; overflow: hidden; padding: 8px 0 7px; text-align: center; text-overflow: ellipsis; white-space: nowrap;\">A post shared by <a style=\"color: #c9c8cd; font-family: Arial,sans-serif; font-size: 14px; font-style: normal; font-weight: normal; line-height: 17px;\" href=\"https:\/\/www.instagram.com\/carmengeiss_1965\/\" target=\"_blank\" rel=\"noopener\"> Carmen Geiss<\/a> (@carmengeiss_1965) on <time style=\"font-family: Arial,sans-serif; font-size: 14px; line-height: 17px;\" datetime=\"2018-04-22T19:45:08+00:00\">Apr 22, 2018 at 12:45pm PDT<\/time><\/p>\n<\/div>\n<\/blockquote>\n<p><script async defer src=\"\/\/www.instagram.com\/embed.js\"><\/script><\/p>\n","protected":false},"excerpt":{"rendered":"<p>Und da haben wir das gro\u00dfe Statement! Nachdem Carmen Geiss in den vergangenen Tagen mehrfach Posts gegen Farid Bang ver\u00f6ffentlichte, kam oft der Vorwurf von Ausl\u00e4nderhass. Nun reagiert die K\u00f6lnerin mit einer XXL Klarstellung&#8230; CARMEN AUF INSTAGRAM &#8222;Ausgerechnet mich als Ausl\u00e4nderhasserin darzustellen ist nun wirklich absurd. Ich lebe im Ausland, die meisten meiner Freunde sind [&hellip;]<\/p>\n","protected":false},"author":2,"featured_media":1283,"comment_status":"open","ping_status":"open","sticky":false,"template":"","format":"standard","meta":{"footnotes":""},"categories":[4],"tags":[],"class_list":["post-1282","post","type-post","status-publish","format-standard","has-post-thumbnail","hentry","category-important"],"publishpress_future_action":{"enabled":false,"date":"1970-01-01 00:00:00","action":"","terms":[],"taxonomy":"","browser_timezone_offset":0},"featured_media_src_url":"https:\/\/90x.deinupdate.de\/wp-content\/uploads\/2018\/04\/2018-04-22-23_01_53-Carmen-Geiss-@carmengeiss_1965-\u2022-Instagram-photos-and-videos.jpg","acf":null,"_links":{"self":[{"href":"https:\/\/90x.deinupdate.de\/index.php?rest_route=\/wp\/v2\/posts\/1282","targetHints":{"allow":["GET"]}}],"collection":[{"href":"https:\/\/90x.deinupdate.de\/index.php?rest_route=\/wp\/v2\/posts"}],"about":[{"href":"https:\/\/90x.deinupdate.de\/index.php?rest_route=\/wp\/v2\/types\/post"}],"author":[{"embeddable":true,"href":"https:\/\/90x.deinupdate.de\/index.php?rest_route=\/wp\/v2\/users\/2"}],"replies":[{"embeddable":true,"href":"https:\/\/90x.deinupdate.de\/index.php?rest_route=%2Fwp%2Fv2%2Fcomments&post=1282"}],"version-history":[{"count":1,"href":"https:\/\/90x.deinupdate.de\/index.php?rest_route=\/wp\/v2\/posts\/1282\/revisions"}],"predecessor-version":[{"id":1284,"href":"https:\/\/90x.deinupdate.de\/index.php?rest_route=\/wp\/v2\/posts\/1282\/revisions\/1284"}],"wp:featuredmedia":[{"embeddable":true,"href":"https:\/\/90x.deinupdate.de\/index.php?rest_route=\/wp\/v2\/media\/1283"}],"wp:attachment":[{"href":"https:\/\/90x.deinupdate.de\/index.php?rest_route=%2Fwp%2Fv2%2Fmedia&parent=1282"}],"wp:term":[{"taxonomy":"category","embeddable":true,"href":"https:\/\/90x.deinupdate.de\/index.php?rest_route=%2Fwp%2Fv2%2Fcategories&post=1282"},{"taxonomy":"post_tag","embeddable":true,"href":"https:\/\/90x.deinupdate.de\/index.php?rest_route=%2Fwp%2Fv2%2Ftags&post=1282"}],"curies":[{"name":"wp","href":"https:\/\/api.w.org\/{rel}","templated":true}]}}