{"id":1154,"date":"2018-04-18T16:41:52","date_gmt":"2018-04-18T16:41:52","guid":{"rendered":"http:\/\/www.deinupdate.de\/?p=1154"},"modified":"2018-04-18T16:54:32","modified_gmt":"2018-04-18T16:54:32","slug":"animus-kommentiert-bushidos-entschuldigung","status":"publish","type":"post","link":"https:\/\/90x.deinupdate.de\/?p=1154","title":{"rendered":"Animus kommentiert Bushidos Entschuldigung!"},"content":{"rendered":"<p>Das kommt durchaus \u00fcberraschend! Nachdem wir bereits vor ein paar Wochen dar\u00fcber berichteten, dass sich Bushido \u00f6ffentlich bei Animus entschuldigt hat, gibt es nun die erste direkte Reaktion des Heidelberger Rappers&#8230;<\/p>\n<h4 style=\"text-align: center;\"><strong>FRIEDEN<\/strong><\/h4>\n<p>Via Instagram stellt das Signing von Azad klar, dass das Thema f\u00fcr ihn seit der Entschuldigung durch ist und er ihm und seiner Familie f\u00fcr die Zukunft alles gute w\u00fcnscht. Das ist doch mal eine coole Aktion von den Beiden! Unten im Artikel k\u00f6nnt Ihr Es Euch reinziehen!<\/p>\n<p>\u00dcbrigens: Am 27. April 2018 erscheint die neue &#8222;Poet EP&#8220; von Animus!<\/p>\n<h4 style=\"text-align: center;\"><strong>HIER DER POST<\/strong><\/h4>\n<h4 style=\"text-align: center;\"><img loading=\"lazy\" decoding=\"async\" class=\"alignnone size-full wp-image-1159\" src=\"http:\/\/www.deinupdate.de\/wp-content\/uploads\/2018\/04\/Bildschirmfoto-2018-04-18-um-18.51.32.png\" alt=\"\" width=\"792\" height=\"438\" srcset=\"https:\/\/90x.deinupdate.de\/wp-content\/uploads\/2018\/04\/Bildschirmfoto-2018-04-18-um-18.51.32.png 792w, https:\/\/90x.deinupdate.de\/wp-content\/uploads\/2018\/04\/Bildschirmfoto-2018-04-18-um-18.51.32-300x166.png 300w, https:\/\/90x.deinupdate.de\/wp-content\/uploads\/2018\/04\/Bildschirmfoto-2018-04-18-um-18.51.32-768x425.png 768w\" sizes=\"auto, (max-width: 792px) 100vw, 792px\" \/><\/h4>\n","protected":false},"excerpt":{"rendered":"<p>Das kommt durchaus \u00fcberraschend! Nachdem wir bereits vor ein paar Wochen dar\u00fcber berichteten, dass sich Bushido \u00f6ffentlich bei Animus entschuldigt hat, gibt es nun die erste direkte Reaktion des Heidelberger Rappers&#8230; FRIEDEN Via Instagram stellt das Signing von Azad klar, dass das Thema f\u00fcr ihn seit der Entschuldigung durch ist und er ihm und seiner [&hellip;]<\/p>\n","protected":false},"author":2,"featured_media":1155,"comment_status":"open","ping_status":"open","sticky":false,"template":"","format":"standard","meta":{"footnotes":""},"categories":[4],"tags":[],"class_list":["post-1154","post","type-post","status-publish","format-standard","has-post-thumbnail","hentry","category-important"],"publishpress_future_action":{"enabled":false,"date":"1970-01-01 00:00:00","action":"","terms":[],"taxonomy":"","browser_timezone_offset":0},"featured_media_src_url":"https:\/\/90x.deinupdate.de\/wp-content\/uploads\/2018\/04\/2018-04-18-18_29_19-1-Animus-Fotos.jpg","acf":null,"_links":{"self":[{"href":"https:\/\/90x.deinupdate.de\/index.php?rest_route=\/wp\/v2\/posts\/1154","targetHints":{"allow":["GET"]}}],"collection":[{"href":"https:\/\/90x.deinupdate.de\/index.php?rest_route=\/wp\/v2\/posts"}],"about":[{"href":"https:\/\/90x.deinupdate.de\/index.php?rest_route=\/wp\/v2\/types\/post"}],"author":[{"embeddable":true,"href":"https:\/\/90x.deinupdate.de\/index.php?rest_route=\/wp\/v2\/users\/2"}],"replies":[{"embeddable":true,"href":"https:\/\/90x.deinupdate.de\/index.php?rest_route=%2Fwp%2Fv2%2Fcomments&post=1154"}],"version-history":[{"count":5,"href":"https:\/\/90x.deinupdate.de\/index.php?rest_route=\/wp\/v2\/posts\/1154\/revisions"}],"predecessor-version":[{"id":1161,"href":"https:\/\/90x.deinupdate.de\/index.php?rest_route=\/wp\/v2\/posts\/1154\/revisions\/1161"}],"wp:featuredmedia":[{"embeddable":true,"href":"https:\/\/90x.deinupdate.de\/index.php?rest_route=\/wp\/v2\/media\/1155"}],"wp:attachment":[{"href":"https:\/\/90x.deinupdate.de\/index.php?rest_route=%2Fwp%2Fv2%2Fmedia&parent=1154"}],"wp:term":[{"taxonomy":"category","embeddable":true,"href":"https:\/\/90x.deinupdate.de\/index.php?rest_route=%2Fwp%2Fv2%2Fcategories&post=1154"},{"taxonomy":"post_tag","embeddable":true,"href":"https:\/\/90x.deinupdate.de\/index.php?rest_route=%2Fwp%2Fv2%2Ftags&post=1154"}],"curies":[{"name":"wp","href":"https:\/\/api.w.org\/{rel}","templated":true}]}}