{"id":1133,"date":"2018-04-18T12:37:57","date_gmt":"2018-04-18T12:37:57","guid":{"rendered":"http:\/\/www.deinupdate.de\/?p=1133"},"modified":"2018-04-18T12:37:57","modified_gmt":"2018-04-18T12:37:57","slug":"klartext-aus-berlin-farid-ist-kein-antisemit-2","status":"publish","type":"post","link":"https:\/\/90x.deinupdate.de\/?p=1133","title":{"rendered":"Klartext aus Berlin: &#8222;Farid ist kein Antisemit&#8220;"},"content":{"rendered":"<p>Nachdem es in den letzten Tagen fast ausschlie\u00dflich um den Echo von Farid und Kollegah ging, spricht nun Fler \u00fcber das Thema&#8230;<\/p>\n<h4 style=\"text-align: center;\"><strong>FLER IM INTERIVEW<\/strong><\/h4>\n<p><em>&#8222;Das ist geschmacklos, aber Farid ist kein Antisemit. Er kann nichts daf\u00fcr, was damals passiert ist. Er nimmt das Bild, und er schockiert damit. Das ist absurd. Das ist Kunst. Das ist kein Judenhass. (&#8230;)\u00a0\u00a0Manche Leute h\u00f6ren \u00abAuschwitz\u00bb und schlagen sofort Alarm. Ich finde es besser, wenn man sich hinsetzt und solche Dinge in Ruhe beredet. Was beim Echo passiert ist, war etwas anderes. Das war ein \u00dcberfallkommando.&#8220;<\/em><\/p>\n<p>Das komplette Interview k\u00f6nnt Ihr <span style=\"text-decoration: underline;\"><strong>HIER<\/strong><\/span> lesen! Unten im Artikel findet Ihr einen Ausschnitt.<\/p>\n<h4 style=\"text-align: center;\"><strong>HIER EIN AUSSCHNITT<\/strong><\/h4>\n<p><img loading=\"lazy\" decoding=\"async\" class=\"alignnone wp-image-145242\" src=\"http:\/\/www.rapupdate.de\/wp-content\/uploads\/2018\/04\/2018-04-18-14_31_23-\u00abFarid-ist-kein-Antisemit\u00bb-_-NZZ.jpg\" alt=\"\" width=\"730\" height=\"393\" \/><\/p>\n","protected":false},"excerpt":{"rendered":"<p>Nachdem es in den letzten Tagen fast ausschlie\u00dflich um den Echo von Farid und Kollegah ging, spricht nun Fler \u00fcber das Thema&#8230; FLER IM INTERIVEW &#8222;Das ist geschmacklos, aber Farid ist kein Antisemit. Er kann nichts daf\u00fcr, was damals passiert ist. Er nimmt das Bild, und er schockiert damit. Das ist absurd. Das ist Kunst. [&hellip;]<\/p>\n","protected":false},"author":2,"featured_media":1134,"comment_status":"open","ping_status":"open","sticky":false,"template":"","format":"standard","meta":{"footnotes":""},"categories":[4],"tags":[],"class_list":["post-1133","post","type-post","status-publish","format-standard","has-post-thumbnail","hentry","category-important"],"publishpress_future_action":{"enabled":false,"date":"1970-01-01 00:00:00","action":"","terms":[],"taxonomy":"","browser_timezone_offset":0},"featured_media_src_url":"https:\/\/90x.deinupdate.de\/wp-content\/uploads\/2018\/04\/2018-04-18-14_27_45-Farid-Hamed-El-Abdellaoui-@faridbangbang-\u2022-Instagram-photos-and-videos-1.jpg","acf":null,"_links":{"self":[{"href":"https:\/\/90x.deinupdate.de\/index.php?rest_route=\/wp\/v2\/posts\/1133","targetHints":{"allow":["GET"]}}],"collection":[{"href":"https:\/\/90x.deinupdate.de\/index.php?rest_route=\/wp\/v2\/posts"}],"about":[{"href":"https:\/\/90x.deinupdate.de\/index.php?rest_route=\/wp\/v2\/types\/post"}],"author":[{"embeddable":true,"href":"https:\/\/90x.deinupdate.de\/index.php?rest_route=\/wp\/v2\/users\/2"}],"replies":[{"embeddable":true,"href":"https:\/\/90x.deinupdate.de\/index.php?rest_route=%2Fwp%2Fv2%2Fcomments&post=1133"}],"version-history":[{"count":1,"href":"https:\/\/90x.deinupdate.de\/index.php?rest_route=\/wp\/v2\/posts\/1133\/revisions"}],"predecessor-version":[{"id":1135,"href":"https:\/\/90x.deinupdate.de\/index.php?rest_route=\/wp\/v2\/posts\/1133\/revisions\/1135"}],"wp:featuredmedia":[{"embeddable":true,"href":"https:\/\/90x.deinupdate.de\/index.php?rest_route=\/wp\/v2\/media\/1134"}],"wp:attachment":[{"href":"https:\/\/90x.deinupdate.de\/index.php?rest_route=%2Fwp%2Fv2%2Fmedia&parent=1133"}],"wp:term":[{"taxonomy":"category","embeddable":true,"href":"https:\/\/90x.deinupdate.de\/index.php?rest_route=%2Fwp%2Fv2%2Fcategories&post=1133"},{"taxonomy":"post_tag","embeddable":true,"href":"https:\/\/90x.deinupdate.de\/index.php?rest_route=%2Fwp%2Fv2%2Ftags&post=1133"}],"curies":[{"name":"wp","href":"https:\/\/api.w.org\/{rel}","templated":true}]}}