{"id":10738,"date":"2018-07-26T15:08:50","date_gmt":"2018-07-26T15:08:50","guid":{"rendered":"http:\/\/www.deinupdate.de\/?p=10738"},"modified":"2018-07-26T15:09:27","modified_gmt":"2018-07-26T15:09:27","slug":"fans-behaupten-ufo361-hoert-gar-nicht-auf-sondern","status":"publish","type":"post","link":"https:\/\/90x.deinupdate.de\/?p=10738","title":{"rendered":"Fans behaupten: Ufo361 h\u00f6rt gar nicht auf, SONDERN&#8230;"},"content":{"rendered":"<p>Es die DIE Frage der letzten Stunden: H\u00f6rt Ufo361 wirklich mit deutschem Rap auf? Wenn es nach vielen Fans geht, k\u00f6nnte hinter der ganzen Ansage etwas Anderes stecken&#8230;<\/p>\n<h4 style=\"text-align: center;\"><strong>R\u00dcCKKEHR ALS UFO<\/strong><\/h4>\n<p>Unter dem neuesten Post des Berliner Rappers auf Instagram schreibt nun ein Fan, dass Ufo361 lediglich seinen Namen \u00e4ndern werde und er deshalb als Ufo361 seine Karriere beendet, um als Ufo zur\u00fcckzukehren. Mit 2.000 Likes gibt es daf\u00fcr eine Menge Zuspruch. Interessante Theorie, mit der sicherlich viele Rap-Fans durchaus leben k\u00f6nnten, oder?<\/p>\n<h4 style=\"text-align: center;\"><strong>HIER DER POST<\/strong><\/h4>\n<p><img loading=\"lazy\" decoding=\"async\" class=\"alignnone size-full wp-image-10842\" src=\"http:\/\/www.deinupdate.de\/wp-content\/uploads\/2018\/07\/Screenshot-2018-07-26-17.07.54.png\" alt=\"\" width=\"608\" height=\"232\" srcset=\"https:\/\/90x.deinupdate.de\/wp-content\/uploads\/2018\/07\/Screenshot-2018-07-26-17.07.54.png 608w, https:\/\/90x.deinupdate.de\/wp-content\/uploads\/2018\/07\/Screenshot-2018-07-26-17.07.54-300x114.png 300w\" sizes=\"auto, (max-width: 608px) 100vw, 608px\" \/><\/p>\n","protected":false},"excerpt":{"rendered":"<p>Es die DIE Frage der letzten Stunden: H\u00f6rt Ufo361 wirklich mit deutschem Rap auf? Wenn es nach vielen Fans geht, k\u00f6nnte hinter der ganzen Ansage etwas Anderes stecken&#8230; R\u00dcCKKEHR ALS UFO Unter dem neuesten Post des Berliner Rappers auf Instagram schreibt nun ein Fan, dass Ufo361 lediglich seinen Namen \u00e4ndern werde und er deshalb als [&hellip;]<\/p>\n","protected":false},"author":1,"featured_media":10839,"comment_status":"open","ping_status":"open","sticky":false,"template":"","format":"standard","meta":{"footnotes":""},"categories":[53],"tags":[],"class_list":["post-10738","post","type-post","status-publish","format-standard","has-post-thumbnail","hentry","category-hot-news-rapupdate"],"publishpress_future_action":{"enabled":false,"date":"1970-01-01 00:00:00","action":"","terms":[],"taxonomy":"","browser_timezone_offset":0},"featured_media_src_url":"https:\/\/90x.deinupdate.de\/wp-content\/uploads\/2018\/07\/Screenshot-2018-07-26-16.54.47.png","acf":null,"_links":{"self":[{"href":"https:\/\/90x.deinupdate.de\/index.php?rest_route=\/wp\/v2\/posts\/10738","targetHints":{"allow":["GET"]}}],"collection":[{"href":"https:\/\/90x.deinupdate.de\/index.php?rest_route=\/wp\/v2\/posts"}],"about":[{"href":"https:\/\/90x.deinupdate.de\/index.php?rest_route=\/wp\/v2\/types\/post"}],"author":[{"embeddable":true,"href":"https:\/\/90x.deinupdate.de\/index.php?rest_route=\/wp\/v2\/users\/1"}],"replies":[{"embeddable":true,"href":"https:\/\/90x.deinupdate.de\/index.php?rest_route=%2Fwp%2Fv2%2Fcomments&post=10738"}],"version-history":[{"count":2,"href":"https:\/\/90x.deinupdate.de\/index.php?rest_route=\/wp\/v2\/posts\/10738\/revisions"}],"predecessor-version":[{"id":10844,"href":"https:\/\/90x.deinupdate.de\/index.php?rest_route=\/wp\/v2\/posts\/10738\/revisions\/10844"}],"wp:featuredmedia":[{"embeddable":true,"href":"https:\/\/90x.deinupdate.de\/index.php?rest_route=\/wp\/v2\/media\/10839"}],"wp:attachment":[{"href":"https:\/\/90x.deinupdate.de\/index.php?rest_route=%2Fwp%2Fv2%2Fmedia&parent=10738"}],"wp:term":[{"taxonomy":"category","embeddable":true,"href":"https:\/\/90x.deinupdate.de\/index.php?rest_route=%2Fwp%2Fv2%2Fcategories&post=10738"},{"taxonomy":"post_tag","embeddable":true,"href":"https:\/\/90x.deinupdate.de\/index.php?rest_route=%2Fwp%2Fv2%2Ftags&post=10738"}],"curies":[{"name":"wp","href":"https:\/\/api.w.org\/{rel}","templated":true}]}}